{"id":1078,"date":"2015-11-25T00:00:00","date_gmt":"2015-11-25T00:00:00","guid":{"rendered":"https:\/\/www.volkswagen-comerciales.es\/2015\/11\/25\/volkswagen-vehiculos-comerciales-presenta-sus-ultimas-novedades-en-la-feria-del-taxi-en-barcelona\/"},"modified":"2015-11-25T00:00:00","modified_gmt":"2015-11-25T00:00:00","slug":"volkswagen-vehiculos-comerciales-presenta-sus-ultimas-novedades-en-la-feria-del-taxi-en-barcelona","status":"publish","type":"post","link":"https:\/\/www.volkswagen-comerciales.es\/comunicacion\/2015\/11\/25\/volkswagen-vehiculos-comerciales-presenta-sus-ultimas-novedades-en-la-feria-del-taxi-en-barcelona\/","title":{"rendered":"VOLKSWAGEN VEH\u00cdCULOS COMERCIALES PRESENTA SUS \u00daLTIMAS NOVEDADES EN LA FERIA DEL TAXI EN BARCELONA"},"content":{"rendered":"<p align=\"justify\">Un a\u00f1o m\u00e1s, Volkswagen Veh\u00edculos Comerciales no ha querido perderse su cita con el sector del taxi, y acudir\u00e1 a este nuevo certamen que se celebrar\u00e1 los d\u00edas 28 y 29 de noviembre en el recinto del Club Sant Jordi de Montj\u00fcic de Barcelona. Entre las novedades de la marca destacan las nuevas generaciones de Caravelle y Caddy, dos modelos id\u00f3neos para el traslado de pasajeros que, adem\u00e1s, pueden incorporar soluciones para personas con movilidad reducida.<\/p>\n<p align=\"justify\">Con motivo de este evento, punto de encuentro para los profesionales del sector del taxi, Volkswagen Veh\u00edculos Comerciales va a ofrecer descuentos especiales y campa\u00f1as de financiaci\u00f3n para quienes visiten su stand. De esta forma, durante la feria se podr\u00e1 adquirir un Caddy Trendline desde 19.950 euros con un completo equipamiento funcional y de seguridad que incluye entre otros, la doble puerta lateral, faros antiniebla con luz de giro, el sistema de vigilancia del entorno \u00abFront Assist\u00bb, el sistema de radio Composition Media con pantalla t\u00e1ctil de 6.33&#8243;, el volante de cuero multifunci\u00f3n y el paquete luz y visi\u00f3n.<\/p>\n<p align=\"justify\">La cuarta generaci\u00f3n del Caddy ofrece m\u00faltiples novedades, tanto en el apartado de seguridad como en el tecnol\u00f3gico que lo convierten en un modelo m\u00e1s pr\u00e1ctico y din\u00e1mico, perfecto para realizar el servicio de taxi con el mayor confort de su segmento. Los nuevos Caddy y Caddy Maxi presentan un nuevo dise\u00f1o exterior e interior fiel al ADN de la marca. Su imagen completamente redise\u00f1ada presenta l\u00edneas m\u00e1s precisas que le confieren una gran personalidad y dinamismo.<\/p>\n<p align=\"justify\">Por su parte, el nuevo Caravelle destaca por su imponente imagen exterior y una gran habitabilidad y espacio interior que le permiten realizar el traslado de hasta 7 pasajeros garantizando una inmejorable accesibilidad y comodidad, al igual que mantiene el confort y seguridad de los pasajeros. El nuevo Caravelle se ofrece con potencias de 102, 150 y 204 CV que se combinan con el cambio autom\u00e1tico DSG en las dos motorizaciones superiores.<\/p>\n<p align=\"justify\">Las nuevas generaciones de Caddy y Caravelle son referente en innovaci\u00f3n gracias a la introducci\u00f3n de tecnolog\u00edas sin precedentes en su segmento que aportan seguridad y confort, entre las que destacan el sistema de observaci\u00f3n del entorno \u00abFront Assist\u00bb con el asistente de frenada de emergencia autom\u00e1tica en ciudad, el sistema de frenado anticolisiones m\u00faltiples o el detector de fatiga. Adem\u00e1s, ambos modelos estrena motores EU6, equipados de serie con BlueMotion Technology con sistema Start\/Stop y recuperaci\u00f3n de la energ\u00eda de frenado.<\/p>\n<p align=\"justify\">Tanto el Caddy como el Caravelle se pueden adaptar como Eurotaxi y ofrecer m\u00faltiples soluciones para las personas con movilidad reducida tales como rampas de acceso, asientos modulares, mandos especiales o incorporar sillas de ruedas de forma c\u00f3moda y segura, entre otras adaptaciones.<\/p>\n<p align=\"justify\">De esta manera, Volkswagen Veh\u00edculos Comerciales pone a disposici\u00f3n del sector del taxi una completa oferta de versiones y variantes orientadas a dar un servicio de calidad y referente en su segmento.<\/p>\n<p align=\"justify\">Enlaces de inter\u00e9s<\/p>\n<p align=\"justify\"><a href=\"http:\/\/www.volkswagen-comerciales.es\/es.html\">Web de Volkswagen Veh\u00edculos Comerciales<\/a><\/p>\n<p align=\"justify\"><a href=\"http:\/\/www.furgosoluciones.es\/\" rel=\"nofollow noopener\" target=\"_blank\">Web Furgosoluciones<\/a><\/p>\n<p align=\"justify\"><a href=\"http:\/\/www.feriataxi.es\/\" rel=\"nofollow noopener\" target=\"_blank\">Web Feria del Taxi<\/a><\/p>\n<p align=\"justify\">\u00a0<\/p>\n<p align=\"justify\">Para m\u00e1s informaci\u00f3n:<\/p>\n<p align=\"justify\">Direcci\u00f3n de Comunicaci\u00f3n y Relaciones Externas<\/p>\n<p align=\"justify\">Volkswagen-Audi Espa\u00f1a<\/p>\n<p align=\"justify\">Tel: +34 91 348 86 00<\/p>\n<p align=\"justify\">Directora de Comunicaci\u00f3n. Eva Vicente, e-mail: <a href=\"mailto:eva.vicente@w-audi.es\">eva.vicente@w-audi.es<\/a><\/p>\n<p align=\"justify\">Jefa de Prensa de Comunicaci\u00f3n Corporativa de Volkswagen Veh\u00edculos Comerciales. Ana Rivas, e-mail: <a href=\"mailto:rivas2@vw-audi.es\">rivas2@vw-audi.es<\/a> Tel: + 34 91 348 86 36<\/p>\n<p>\u00a0<\/p>\n<p>\u00a0<\/p>\n","protected":false},"excerpt":{"rendered":"En el stand de la marca se expondr\u00e1n un Caravelle, un Caddy Maxi y un Caddy adaptado para personas con movilidad reducida La gama de Volkswagen Veh\u00edculos Comerciales destaca por su versatilidad, prestaciones y amplio","protected":false},"author":1,"featured_media":1081,"comment_status":"open","ping_status":"open","sticky":false,"template":"","format":"standard","meta":{"_acf_changed":false,"ep_exclude_from_search":false,"footnotes":""},"categories":[23,24],"tags":[],"class_list":["post-1078","post","type-post","status-publish","format-standard","has-post-thumbnail","hentry","category-caddy-generaciones-anteriores","category-caravelle-generaciones-anteriores"],"acf":[],"_links":{"self":[{"href":"https:\/\/www.volkswagen-comerciales.es\/comunicacion\/wp-json\/wp\/v2\/posts\/1078","targetHints":{"allow":["GET"]}}],"collection":[{"href":"https:\/\/www.volkswagen-comerciales.es\/comunicacion\/wp-json\/wp\/v2\/posts"}],"about":[{"href":"https:\/\/www.volkswagen-comerciales.es\/comunicacion\/wp-json\/wp\/v2\/types\/post"}],"author":[{"embeddable":true,"href":"https:\/\/www.volkswagen-comerciales.es\/comunicacion\/wp-json\/wp\/v2\/users\/1"}],"replies":[{"embeddable":true,"href":"https:\/\/www.volkswagen-comerciales.es\/comunicacion\/wp-json\/wp\/v2\/comments?post=1078"}],"version-history":[{"count":0,"href":"https:\/\/www.volkswagen-comerciales.es\/comunicacion\/wp-json\/wp\/v2\/posts\/1078\/revisions"}],"wp:featuredmedia":[{"embeddable":true,"href":"https:\/\/www.volkswagen-comerciales.es\/comunicacion\/wp-json\/wp\/v2\/media\/1081"}],"wp:attachment":[{"href":"https:\/\/www.volkswagen-comerciales.es\/comunicacion\/wp-json\/wp\/v2\/media?parent=1078"}],"wp:term":[{"taxonomy":"category","embeddable":true,"href":"https:\/\/www.volkswagen-comerciales.es\/comunicacion\/wp-json\/wp\/v2\/categories?post=1078"},{"taxonomy":"post_tag","embeddable":true,"href":"https:\/\/www.volkswagen-comerciales.es\/comunicacion\/wp-json\/wp\/v2\/tags?post=1078"}],"curies":[{"name":"wp","href":"https:\/\/api.w.org\/{rel}","templated":true}]}}