{"id":1092,"date":"2016-01-28T00:00:00","date_gmt":"2016-01-28T00:00:00","guid":{"rendered":"https:\/\/www.volkswagen-comerciales.es\/2016\/01\/28\/volkswagen-vehiculos-comerciales-completa-su-gama-en-espana-con-los-nuevos-caravelle-trendline-y-premium\/"},"modified":"2016-01-28T00:00:00","modified_gmt":"2016-01-28T00:00:00","slug":"volkswagen-vehiculos-comerciales-completa-su-gama-en-espana-con-los-nuevos-caravelle-trendline-y-premium","status":"publish","type":"post","link":"https:\/\/www.volkswagen-comerciales.es\/comunicacion\/2016\/01\/28\/volkswagen-vehiculos-comerciales-completa-su-gama-en-espana-con-los-nuevos-caravelle-trendline-y-premium\/","title":{"rendered":"VOLKSWAGEN VEH\u00cdCULOS COMERCIALES COMPLETA SU GAMA EN ESPA\u00d1A CON LOS NUEVOS CARAVELLE TRENDLINE Y PREMIUM"},"content":{"rendered":"<p align=\"justify\">El nuevo <b>Caravelle Trendline<\/b> es el modelo ideal para aquellos que buscan una excelente relaci\u00f3n calidad-precio aplicada a un veh\u00edculo que proporcione una gran capacidad para transportar pasajeros y equipaje. En su espacioso interior, el acabado Trendline ofrece el equipamiento de un turismo de gama media\/alta, adem\u00e1s de una enorme versatilidad en la configuraci\u00f3n del habit\u00e1culo, ya que sus 8 plazas de serie pueden convertirse opcionalmente en 5, 6, 7 o incluso 9.<\/p>\n<p align=\"justify\">El equipamiento de serie del Caravelle Trendline incluye la Radio CD Composition Color con pantalla t\u00e1ctil de 5 pulgadas, el Display Multifunci\u00f3n, el sistema Climatic, los faros antiniebla con luz de giro, el Freno Multicolisi\u00f3n, el Detector de Fatiga, el volante acabado en cuero y la tapicer\u00eda tipo \u00abKutamo\u00bb. El motor disponible para esta l\u00ednea de acabado es el TDI 2.0 en sus versiones de 102 y 150 CV, esta \u00faltima con la posibilidad de combinarse con la caja de cambio DSG y la tracci\u00f3n 4Motion.<\/p>\n<p align=\"justify\">Por su parte, el nuevo <b>Caravelle Premium<\/b> se convierte en la versi\u00f3n m\u00e1s completa y vers\u00e1til de la gama, y se dirige a aquellos clientes con un nivel m\u00e1s alto de exigencia; desde particulares con familias numerosas que buscan un veh\u00edculo con la mayor comodidad para todos los ocupantes, hasta empresas que lo requieren como veh\u00edculo de representaci\u00f3n o transporte tipo Shuttle. Sus ocho plazas de serie pueden transformarse en 7 opcionales, o 9 si se trata del modelo de batalla larga.<\/p>\n<p align=\"justify\">En el acabado Premium del Caravelle, el paquete de Luz y Visi\u00f3n, junto a los faros antiniebla con luz de giro y el sistema Tempomat realzan la comodidad y seguridad en la conducci\u00f3n. Aqu\u00ed, el sistema de Radio CD es el Composition Media de 6,33 pulgadas, mientras que el Climatronic de 3 zonas y el Display Multifunci\u00f3n Plus evidencian la exclusividad del modelo, que tambi\u00e9n presenta detalles decorativos de alta calidad como el acabado en cuero del volante multifunci\u00f3n.<\/p>\n<p align=\"justify\">En el exterior, el acabado Premium incluye los retrovisores el\u00e9ctricos calefactables y monta llantas de aleaci\u00f3n \u00abClayton\u00bb de 16 pulgadas o \u00abDevonport\u00bb de 17 en funci\u00f3n de las motorizaciones. Estas son las versiones de 150 y 204 CV del propulsor 2.0 TDI, ambas combinables con caja de cambios manual o DSG, as\u00ed como con la tracci\u00f3n 4Motion.<\/p>\n<p align=\"justify\">Con la llegada de las l\u00edneas de acabado Trendline y Premium, el Caravelle refuerza su liderazgo en un segmento del que ya es protagonista, y eleva todav\u00eda m\u00e1s la versatilidad de la gama T6.<\/p>\n<p align=\"justify\">PVP recomendado con transporte y descuentos incluidos:<\/p>\n<p align=\"justify\">Caravelle Trendline 102CV desde 25.700\u20ac PVP<\/p>\n<p align=\"justify\">Caravelle Trendline 150CV desde 28.300\u20ac PVP<\/p>\n<p align=\"justify\">Caravelle Premium 150CV desde 35.000\u20ac PVP<\/p>\n<p align=\"justify\">\u00a0<\/p>\n<p align=\"justify\">Para m\u00e1s informaci\u00f3n:<\/p>\n<p align=\"justify\">Direcci\u00f3n de Comunicaci\u00f3n y Relaciones Externas<\/p>\n<p align=\"justify\">Volkswagen-Audi Espa\u00f1a<\/p>\n<p align=\"justify\">Tel: +34 91 348 86 00<\/p>\n<p align=\"justify\">Directora de Comunicaci\u00f3n. Eva Vicente, e-mail: <a href=\"mailto:eva.vicente@vw-audi.es\">eva.vicente@vw-audi.es<\/a><\/p>\n<p align=\"justify\">Jefe de Prensa de Producto Volkswagen. Joaqu\u00edn Torres, e-mail: <a href=\"mailto:joaquin.torres@vw-audi.es\">joaquin.torres@vw-audi.es<\/a> Tel: + 34 91 348 86 44<\/p>\n<p align=\"justify\">\u00a0<\/p>\n","protected":false},"excerpt":{"rendered":"Gracias a su versatilidad, acabados y tecnolog\u00eda, se posicionan como una firme alternativa a los turismos de gran capacidad El acabado Trendline ofrece la mejor relaci\u00f3n calidad-precio con un completo equipamiento de serie a un","protected":false},"author":1,"featured_media":1094,"comment_status":"open","ping_status":"open","sticky":false,"template":"","format":"standard","meta":{"_acf_changed":false,"ep_exclude_from_search":false,"footnotes":""},"categories":[24],"tags":[],"class_list":["post-1092","post","type-post","status-publish","format-standard","has-post-thumbnail","hentry","category-caravelle-generaciones-anteriores"],"acf":[],"_links":{"self":[{"href":"https:\/\/www.volkswagen-comerciales.es\/comunicacion\/wp-json\/wp\/v2\/posts\/1092","targetHints":{"allow":["GET"]}}],"collection":[{"href":"https:\/\/www.volkswagen-comerciales.es\/comunicacion\/wp-json\/wp\/v2\/posts"}],"about":[{"href":"https:\/\/www.volkswagen-comerciales.es\/comunicacion\/wp-json\/wp\/v2\/types\/post"}],"author":[{"embeddable":true,"href":"https:\/\/www.volkswagen-comerciales.es\/comunicacion\/wp-json\/wp\/v2\/users\/1"}],"replies":[{"embeddable":true,"href":"https:\/\/www.volkswagen-comerciales.es\/comunicacion\/wp-json\/wp\/v2\/comments?post=1092"}],"version-history":[{"count":0,"href":"https:\/\/www.volkswagen-comerciales.es\/comunicacion\/wp-json\/wp\/v2\/posts\/1092\/revisions"}],"wp:featuredmedia":[{"embeddable":true,"href":"https:\/\/www.volkswagen-comerciales.es\/comunicacion\/wp-json\/wp\/v2\/media\/1094"}],"wp:attachment":[{"href":"https:\/\/www.volkswagen-comerciales.es\/comunicacion\/wp-json\/wp\/v2\/media?parent=1092"}],"wp:term":[{"taxonomy":"category","embeddable":true,"href":"https:\/\/www.volkswagen-comerciales.es\/comunicacion\/wp-json\/wp\/v2\/categories?post=1092"},{"taxonomy":"post_tag","embeddable":true,"href":"https:\/\/www.volkswagen-comerciales.es\/comunicacion\/wp-json\/wp\/v2\/tags?post=1092"}],"curies":[{"name":"wp","href":"https:\/\/api.w.org\/{rel}","templated":true}]}}