{"id":1281,"date":"2017-09-07T00:00:00","date_gmt":"2017-09-07T00:00:00","guid":{"rendered":"https:\/\/www.volkswagen-comerciales.es\/2017\/09\/07\/llega-el-nuevo-volkswagen-multivan-the-original\/"},"modified":"2021-11-16T11:35:44","modified_gmt":"2021-11-16T11:35:44","slug":"llega-el-nuevo-volkswagen-multivan-the-original","status":"publish","type":"post","link":"https:\/\/www.volkswagen-comerciales.es\/comunicacion\/2017\/09\/07\/llega-el-nuevo-volkswagen-multivan-the-original\/","title":{"rendered":"Llega el nuevo Volkswagen Multivan The Original"},"content":{"rendered":"<p ><span>Tecnolog\u00eda, conectividad, seguridad, versatilidad y funcionalidad, as\u00ed como confort y amplitud interior, son algunos de los atributos que caracterizan a la nueva versi\u00f3n de este modelo, que llega al mercado espa\u00f1ol para sustituir al actual acabado Trendline. Lo hace con un equipamiento de serie superior a la anterior versi\u00f3n, que incluye asientos giratorios adicionales en la segunda fila (7 plazas), llantas Clayton de 16 pulgadas, ParkPilot trasero y delantero, Paquete Luz y Visibilidad y retrovisores con ajuste el\u00e9ctrico, plegables y calefactables, entre otros elementos.<\/span><\/p>\n<p><span> <\/span><\/p>\n<p ><span>En el apartado de conectividad, el Multivan <i>The Original<\/i> destaca especialmente, ya que equipa App-Connect de serie y permite al conductor conectar su Smartphone al coche y utilizar todas sus aplicaciones a trav\u00e9s de la pantalla de la radio \u00abComposition Media\u00bb de 6,33 pulgadas. Entre los asistentes de conducci\u00f3n incluye el Detector de Fatiga, el Control de Velocidad Tempomat o el Sistema de Frenada Anticolisiones M\u00faltiples.<\/span><\/p>\n<p><span> <\/span><\/p>\n<p ><span>En cuanto a las motorizaciones, el nuevo Multivan <i>The Original<\/i> se ofrece con tracci\u00f3n delantera y motores 2.0 TDI de 114 CV (Manual) y de 150 CV (Manual y DSG).<\/span><\/p>\n<p><span> <\/span><\/p>\n<p ><span>Con un precio muy competitivo que parte de los 33.000 euros, el nuevo Multivan <i>The Original<\/i> llega para demostrar que es posible tenerlo todo: el mejor dise\u00f1o, el equipamiento m\u00e1s completo y un precio asequible, sin renunciar a nada.<\/span><\/p>\n<p>\u00a0<\/p>\n<p><span> <\/span><\/p>\n<p><span> <\/span><\/p>\n<p><span> <\/span><\/p>\n<p><span> <\/span><\/p>\n<p><span> <\/span><\/p>\n<p><span> <\/span><\/p>\n<p ><span>Para m\u00e1s informaci\u00f3n:<\/span><\/p>\n<p><span> <\/span><\/p>\n<p ><span>Direcci\u00f3n de Comunicaci\u00f3n y Relaciones Externas<\/span><\/p>\n<p ><span>Volkswagen Group Espa\u00f1a Distribuci\u00f3n<\/span><\/p>\n<p><span> <\/span><\/p>\n<p ><span>Tel: +34 91 348 86 00<\/span><\/p>\n<p><span> <\/span><\/p>\n<p ><span>Directora de Comunicaci\u00f3n. Eva Vicente, e-mail: <a href=\"mailto:vicente@volkswagengroup.es\">eva.vicente@volkswagengroup.es<\/a> <\/span><\/p>\n<p><span> <\/span><\/p>\n<p ><span>Jefe de Prensa de Comunicaci\u00f3n de Producto de Volkswagen. Joaqu\u00edn Torres, e-mail: <a href=\"mailto:Joaquin.torres@volkswagen.es\"><span>Joaquin.torres@volkswagen.es<\/span><\/a> <span>Tel: + 34 91 348 86 44<\/span><\/span><\/p>\n","protected":false},"excerpt":{"rendered":"Volkswagen Veh\u00edculos Comerciales lanza en Espa\u00f1a una nueva y completa versi\u00f3n de entrada a la gama Multivan, el nuevo The OriginalA la venta a partir de 33.000 euros, incluye el equipamiento m\u00e1s funcional y completo","protected":false},"author":1,"featured_media":1283,"comment_status":"open","ping_status":"open","sticky":false,"template":"","format":"standard","meta":{"_acf_changed":false,"ep_exclude_from_search":false,"footnotes":""},"categories":[25],"tags":[],"class_list":["post-1281","post","type-post","status-publish","format-standard","has-post-thumbnail","hentry","category-multivan-generaciones-anteriores"],"acf":[],"_links":{"self":[{"href":"https:\/\/www.volkswagen-comerciales.es\/comunicacion\/wp-json\/wp\/v2\/posts\/1281","targetHints":{"allow":["GET"]}}],"collection":[{"href":"https:\/\/www.volkswagen-comerciales.es\/comunicacion\/wp-json\/wp\/v2\/posts"}],"about":[{"href":"https:\/\/www.volkswagen-comerciales.es\/comunicacion\/wp-json\/wp\/v2\/types\/post"}],"author":[{"embeddable":true,"href":"https:\/\/www.volkswagen-comerciales.es\/comunicacion\/wp-json\/wp\/v2\/users\/1"}],"replies":[{"embeddable":true,"href":"https:\/\/www.volkswagen-comerciales.es\/comunicacion\/wp-json\/wp\/v2\/comments?post=1281"}],"version-history":[{"count":1,"href":"https:\/\/www.volkswagen-comerciales.es\/comunicacion\/wp-json\/wp\/v2\/posts\/1281\/revisions"}],"predecessor-version":[{"id":6276,"href":"https:\/\/www.volkswagen-comerciales.es\/comunicacion\/wp-json\/wp\/v2\/posts\/1281\/revisions\/6276"}],"wp:featuredmedia":[{"embeddable":true,"href":"https:\/\/www.volkswagen-comerciales.es\/comunicacion\/wp-json\/wp\/v2\/media\/1283"}],"wp:attachment":[{"href":"https:\/\/www.volkswagen-comerciales.es\/comunicacion\/wp-json\/wp\/v2\/media?parent=1281"}],"wp:term":[{"taxonomy":"category","embeddable":true,"href":"https:\/\/www.volkswagen-comerciales.es\/comunicacion\/wp-json\/wp\/v2\/categories?post=1281"},{"taxonomy":"post_tag","embeddable":true,"href":"https:\/\/www.volkswagen-comerciales.es\/comunicacion\/wp-json\/wp\/v2\/tags?post=1281"}],"curies":[{"name":"wp","href":"https:\/\/api.w.org\/{rel}","templated":true}]}}