{"id":1287,"date":"2017-09-21T00:00:00","date_gmt":"2017-09-21T00:00:00","guid":{"rendered":"https:\/\/www.volkswagen-comerciales.es\/2017\/09\/21\/volkswagen-vehiculos-comerciales-presenta-su-gama-life-heredera-del-historico-bulli\/"},"modified":"2021-11-16T11:35:36","modified_gmt":"2021-11-16T11:35:36","slug":"volkswagen-vehiculos-comerciales-presenta-su-gama-life-heredera-del-historico-bulli","status":"publish","type":"post","link":"https:\/\/www.volkswagen-comerciales.es\/comunicacion\/2017\/09\/21\/volkswagen-vehiculos-comerciales-presenta-su-gama-life-heredera-del-historico-bulli\/","title":{"rendered":"Volkswagen Veh\u00edculos Comerciales presenta su Gama Life, heredera del hist\u00f3rico Bulli"},"content":{"rendered":"<p ><span>Hoy, m\u00e1s de seis d\u00e9cadas despu\u00e9s, Volkswagen Veh\u00edculos Comerciales ha presentado en Tarifa la Gama Life, heredera de esa larga tradici\u00f3n y responsable de llevar a la marca hacia el futuro, pero manteni\u00e9ndose fiel a un estilo de vida <span>en el que la libertad, el viaje constante y la conexi\u00f3n con la naturaleza son fundamentales.<\/span><\/span><\/p>\n<p><span> <\/span><\/p>\n<p ><span>La gama est\u00e1 dirigida a aquellos conductores que, m\u00e1s que un veh\u00edculo, buscan un compa\u00f1ero de viaje; desde el apasionado del surf hasta los amantes de las excursiones en familia. Por ello, la gama Life consta de siete veh\u00edculos \u00fanicos pensados para cubrir todas las necesidades, y que giran en torno a tres conceptos: <b>Lifestyle<\/b> (California y Multivan Bulli 70 Aniversario), <b>Outdoor<\/b> (Caddy Outdoor, Multivan Outdoor y Amarok) y <b>Familia<\/b> (Caravelle y Multivan The Original).<\/span><\/p>\n<p><span> <\/span><\/p>\n<p ><span>Los veh\u00edculos <b>Lifestyle<\/b> est\u00e1n enfocados hacia los clientes que se sienten atra\u00eddos por el m\u00e1s genuino esp\u00edritu del T1. El California es, en este sentido, el mejor representante del aut\u00e9ntico esp\u00edritu camper, ideado tanto para los deportes de aventura como para los largos trayectos por carretera. El Multivan \u00abBulli\u00bb 70 Aniversario es todo un homenaje al T1 original y combina el encanto del cl\u00e1sico estilo retro con la tecnolog\u00eda y calidad actuales. <\/span><\/p>\n<p><span> <\/span><\/p>\n<p ><span>Por su parte, los veh\u00edculos <b>Outdoor<\/b> permiten al conductor disfrutar de la vida al aire libre y del d\u00eda a d\u00eda, ya que est\u00e1n pensados tanto para las escapadas de fin de semana como para la ciudad. El Caddy Outdoor es ideal para los que buscan un turismo polivalente para disfrutar con comodidad del tiempo libre con la familia y los amigos. El Multivan Outdoor, por su parte, es un veh\u00edculo amplio y c\u00f3modo, para los conductores que disfrutan con la vida al aire libre. El Amarok es un pick-up robusto y poderoso, capaz de enfrentarse a los terrenos m\u00e1s abruptos e ideal para los deportes de aventura.<\/span><\/p>\n<p><span> <\/span><\/p>\n<p ><span>Finalmente, los veh\u00edculos enfocados al concepto <b>Familia<\/b> son sin\u00f3nimo de espacio, confort y seguridad. En este sentido, el Caravelle es un modelo asequible que ofrece hasta nueve plazas y una gran versatilidad. Por su parte, el Multivan <i>The Original<\/i> llega al mercado como el heredero directo del T1: un aut\u00e9ntico sal\u00f3n rodante, moderno y c\u00f3modo.<\/span><\/p>\n<p><span> <\/span><\/p>\n<p ><span>Los modelos de la gama Life de Volkswagen Veh\u00edculos Comerciales simbolizan la esencia de la marca. Uno de los mayores logros de Volkswagen ha sido adaptar sus veh\u00edculos a los nuevos tiempos manteniendo intactos la esencia y los valores que le han caracterizado desde la d\u00e9cada de los 50.<\/span><\/p>\n<p><span> <\/span><\/p>\n<p ><span>La presentaci\u00f3n de la gama Life de Volkswagen Veh\u00edculos Comerciales, celebrada en la localidad gaditana de Tarifa, uno de los principales destinos de kitesurf de Europa, cont\u00f3 con una madrina de excepci\u00f3n: la 10 veces campeona del mundo Gisela Pulido, embajadora de la marca.<\/span><\/p>\n<p><span> <\/span><\/p>\n<p><span> <\/span><\/p>\n<p><span> <\/span><\/p>\n<p ><span>Para m\u00e1s informaci\u00f3n:<\/span><\/p>\n<p><span> <\/span><\/p>\n<p ><span>Direcci\u00f3n de Comunicaci\u00f3n y Relaciones Externas<\/span><\/p>\n<p >Volkswagen Group Espa\u00f1a Distribuci\u00f3n<\/p>\n<p ><span> <\/span><\/p>\n<p ><span>Tel: +34 91 348 86 00<\/span><\/p>\n<p><span> <\/span><\/p>\n<p ><span>Directora de Comunicaci\u00f3n. Eva Vicente, e-mail: <a href=\"mailto:eva.vicente@volkswagengroup.es\">eva.vicente@volkswagengroup.es<\/a><\/span><\/p>\n<p><span> <\/span><\/p>\n<p ><span>Jefe de Prensa de Producto Volkswagen. Joaqu\u00edn Torres, e-mail: <a href=\"mailto:joaquin.torres@volkswagen.es\">joaquin.torres@volkswagen.es<\/a> Tel: + 34 91 348 86 44<\/span><\/p>\n<p><span> <\/span><\/p>\n","protected":false},"excerpt":{"rendered":"La gama se organiza en torno a tres conceptos clave: lifestyle, outdoor y familiaLos siete modelos ofrecen m\u00e1xima versatilidad y tecnolog\u00eda con el esp\u00edritu aventurero que caracteriza a la marcaLos 50 trajeron consigo algo nuevo.","protected":false},"author":1,"featured_media":1290,"comment_status":"open","ping_status":"open","sticky":false,"template":"","format":"standard","meta":{"_acf_changed":false,"ep_exclude_from_search":false,"footnotes":""},"categories":[28,26,24,25],"tags":[],"class_list":["post-1287","post","type-post","status-publish","format-standard","has-post-thumbnail","hentry","category-amarok","category-california-generaciones-anteriores","category-caravelle-generaciones-anteriores","category-multivan-generaciones-anteriores"],"acf":[],"_links":{"self":[{"href":"https:\/\/www.volkswagen-comerciales.es\/comunicacion\/wp-json\/wp\/v2\/posts\/1287","targetHints":{"allow":["GET"]}}],"collection":[{"href":"https:\/\/www.volkswagen-comerciales.es\/comunicacion\/wp-json\/wp\/v2\/posts"}],"about":[{"href":"https:\/\/www.volkswagen-comerciales.es\/comunicacion\/wp-json\/wp\/v2\/types\/post"}],"author":[{"embeddable":true,"href":"https:\/\/www.volkswagen-comerciales.es\/comunicacion\/wp-json\/wp\/v2\/users\/1"}],"replies":[{"embeddable":true,"href":"https:\/\/www.volkswagen-comerciales.es\/comunicacion\/wp-json\/wp\/v2\/comments?post=1287"}],"version-history":[{"count":2,"href":"https:\/\/www.volkswagen-comerciales.es\/comunicacion\/wp-json\/wp\/v2\/posts\/1287\/revisions"}],"predecessor-version":[{"id":6274,"href":"https:\/\/www.volkswagen-comerciales.es\/comunicacion\/wp-json\/wp\/v2\/posts\/1287\/revisions\/6274"}],"wp:featuredmedia":[{"embeddable":true,"href":"https:\/\/www.volkswagen-comerciales.es\/comunicacion\/wp-json\/wp\/v2\/media\/1290"}],"wp:attachment":[{"href":"https:\/\/www.volkswagen-comerciales.es\/comunicacion\/wp-json\/wp\/v2\/media?parent=1287"}],"wp:term":[{"taxonomy":"category","embeddable":true,"href":"https:\/\/www.volkswagen-comerciales.es\/comunicacion\/wp-json\/wp\/v2\/categories?post=1287"},{"taxonomy":"post_tag","embeddable":true,"href":"https:\/\/www.volkswagen-comerciales.es\/comunicacion\/wp-json\/wp\/v2\/tags?post=1287"}],"curies":[{"name":"wp","href":"https:\/\/api.w.org\/{rel}","templated":true}]}}