{"id":1295,"date":"2017-11-21T00:00:00","date_gmt":"2017-11-21T00:00:00","guid":{"rendered":"https:\/\/www.volkswagen-comerciales.es\/2017\/11\/21\/correos-elige-el-volkswagen-transporter-para-su-flota-de-vehiculos\/"},"modified":"2021-06-10T13:47:20","modified_gmt":"2021-06-10T13:47:20","slug":"correos-elige-el-volkswagen-transporter-para-su-flota-de-vehiculos","status":"publish","type":"post","link":"https:\/\/www.volkswagen-comerciales.es\/comunicacion\/2017\/11\/21\/correos-elige-el-volkswagen-transporter-para-su-flota-de-vehiculos\/","title":{"rendered":"Correos elige el Volkswagen Transporter para su flota de veh\u00edculos"},"content":{"rendered":"<p >Correos ha adquirido 143 unidades del T6, de dos versiones distintas: el Transporter Furg\u00f3n \u00abBusiness\u00bb de Batalla Corta y el Transporte Mixto Plus de Batalla Corta. Ambas equipadas con un eficiente motor di\u00e9sel 2.0 TDI de 62 kW (84 CV), que cumple con la normativa de emisiones EU6. Correos ha elegido el modelo T6 ya que ha sido el que ha obtenido, en conjunto, la mejor valoraci\u00f3n t\u00e9cnica y econ\u00f3mica.  <\/p>\n<\/p>\n<p >El Transporter de Volkswagen se adapta a la perfecci\u00f3n a las necesidades de Correos. La empresa postal y de paqueter\u00eda, l\u00edder en el mercado espa\u00f1ol, entrega diariamente 11 millones de env\u00edos por todo el territorio nacional gracias, entre otras cosas, a su flota de veh\u00edculos, que recorre anualmente una media de 600.000 kil\u00f3metros diarios, equivalente a dar 15 veces la vuelta al mundo. Dadas las enormes exigencias t\u00e9cnicas y materiales de la actividad de Correos, la elecci\u00f3n del T6 para la renovaci\u00f3n de parte de su flota responde a la necesidad de contar con un veh\u00edculo robusto, vers\u00e1til y eficiente.<\/p>\n<\/p>\n<p >Los veh\u00edculos se distribuir\u00e1n por 32 provincias pertenecientes a 15 Comunidades Aut\u00f3nomas, destacando los 38 veh\u00edculos que llegar\u00e1n a Andaluc\u00eda, los 37 asignados a la Comunidad de Madrid y las 21 unidades que se utilizar\u00e1n en las unidades de reparto de Correos en las Islas Canarias.<\/p>\n<\/p>\n<p >El Transporter desciende del m\u00edtico T1 de Volkswagen, un veh\u00edculo de reparto compacto que hace m\u00e1s de 65 a\u00f1os  consigui\u00f3 captar con extraordinaria precisi\u00f3n las necesidades de los profesionales. El T6 es un veh\u00edculo emblem\u00e1tico de la marca, que destaca por su fiabilidad, seguridad y tecnolog\u00eda. Sus l\u00edneas y contornos precisos marcan la diferencia y lo convierten en un aut\u00e9ntico referente en t\u00e9cnica e innovaci\u00f3n. Su amplio compartimento de carga y sus m\u00faltiples opciones le confieren una versatilidad excepcional y hacen del Transporter un aut\u00e9ntico referente en el mercado de los veh\u00edculos comerciales.<\/p>\n<\/p>\n<p >\n<p >\n<p >\n<p >Correos\/Grupo SEPI<\/p>\n<p ><span><font size=\"2\"><i>Correos <span>pertenece al Grupo SEPI, un holding empresarial que abarca un total de 15 empresas p\u00fablicas participadas de forma directa y mayoritaria, con una plantilla de casi 73.000 profesionales. Tambi\u00e9n es accionista de la Corporaci\u00f3n Radiotelevisi\u00f3n Espa\u00f1ola (RTVE), tiene una fundaci\u00f3n p\u00fablica tutelada y participaciones directas minoritarias en otras nueve empresas e indirectas en m\u00e1s de cien sociedades. Correos es la primera empresa del pa\u00eds por capilaridad y cobertura territorial, con cerca de 10.000 puntos de acceso a sus servicios. Distribuye cerca de 2.800 millones de env\u00edos al a\u00f1o y llega diariamente a todos los hogares, empresas e instituciones. Cuenta con un equipo humano de m\u00e1s de 50.000 profesionales que trabajan para ofrecer soluciones integrales y una amplia gama de productos de alta calidad adaptados a los diferentes segmentos de clientes, tanto de paqueter\u00eda y marketing directo como de servicios postales basados en nuevas tecnolog\u00edas y financieros.<\/span><\/i><\/font><\/span><\/p>\n","protected":false},"excerpt":{"rendered":"La empresa p\u00fablica ha adquirido un total de 143 unidades de dos versiones del Transporter de sexta generaci\u00f3nEl modelo de Volkswagen Veh\u00edculos Comerciales se adapta a la perfecci\u00f3n a las necesidades de Correos por su","protected":false},"author":1,"featured_media":1297,"comment_status":"open","ping_status":"open","sticky":false,"template":"","format":"standard","meta":{"_acf_changed":false,"ep_exclude_from_search":false,"footnotes":""},"categories":[61],"tags":[],"class_list":["post-1295","post","type-post","status-publish","format-standard","has-post-thumbnail","hentry","category-ventas"],"acf":[],"_links":{"self":[{"href":"https:\/\/www.volkswagen-comerciales.es\/comunicacion\/wp-json\/wp\/v2\/posts\/1295","targetHints":{"allow":["GET"]}}],"collection":[{"href":"https:\/\/www.volkswagen-comerciales.es\/comunicacion\/wp-json\/wp\/v2\/posts"}],"about":[{"href":"https:\/\/www.volkswagen-comerciales.es\/comunicacion\/wp-json\/wp\/v2\/types\/post"}],"author":[{"embeddable":true,"href":"https:\/\/www.volkswagen-comerciales.es\/comunicacion\/wp-json\/wp\/v2\/users\/1"}],"replies":[{"embeddable":true,"href":"https:\/\/www.volkswagen-comerciales.es\/comunicacion\/wp-json\/wp\/v2\/comments?post=1295"}],"version-history":[{"count":1,"href":"https:\/\/www.volkswagen-comerciales.es\/comunicacion\/wp-json\/wp\/v2\/posts\/1295\/revisions"}],"predecessor-version":[{"id":6273,"href":"https:\/\/www.volkswagen-comerciales.es\/comunicacion\/wp-json\/wp\/v2\/posts\/1295\/revisions\/6273"}],"wp:featuredmedia":[{"embeddable":true,"href":"https:\/\/www.volkswagen-comerciales.es\/comunicacion\/wp-json\/wp\/v2\/media\/1297"}],"wp:attachment":[{"href":"https:\/\/www.volkswagen-comerciales.es\/comunicacion\/wp-json\/wp\/v2\/media?parent=1295"}],"wp:term":[{"taxonomy":"category","embeddable":true,"href":"https:\/\/www.volkswagen-comerciales.es\/comunicacion\/wp-json\/wp\/v2\/categories?post=1295"},{"taxonomy":"post_tag","embeddable":true,"href":"https:\/\/www.volkswagen-comerciales.es\/comunicacion\/wp-json\/wp\/v2\/tags?post=1295"}],"curies":[{"name":"wp","href":"https:\/\/api.w.org\/{rel}","templated":true}]}}