{"id":1298,"date":"2017-11-23T00:00:00","date_gmt":"2017-11-23T00:00:00","guid":{"rendered":"https:\/\/www.volkswagen-comerciales.es\/2017\/11\/23\/el-amarok-gana-el-premio-pick-up-internacional-2018\/"},"modified":"2021-06-10T13:46:34","modified_gmt":"2021-06-10T13:46:34","slug":"el-amarok-gana-el-premio-pick-up-internacional-2018","status":"publish","type":"post","link":"https:\/\/www.volkswagen-comerciales.es\/comunicacion\/2017\/11\/23\/el-amarok-gana-el-premio-pick-up-internacional-2018\/","title":{"rendered":"El Amarok gana el premio &#8216;Pick Up Internacional&#8217; 2018"},"content":{"rendered":"<p ><span>\u00abNos sentimos muy agradecidos por haber recibido el IPUA 2018 y nos honra la decisi\u00f3n del jurado internacional de expertos. Con el nuevo Amarok, hemos escuchado una vez m\u00e1s las peticiones de nuestros clientes y hemos sido capaces de integrar m\u00e1s potencia, un par motor \u00fanico en su segmento y un mayor nivel prestacional en cualquier tipo de terreno. Esto es mucho m\u00e1s que puro lujo y estilo de vida\u00bb, dijo el Dr. Eckard Scholz, presidente del Comit\u00e9 Ejecutivo de Volkswagen Veh\u00edculos Comerciales, durante la entrega del Premio Pick-up Internacional 2018 en Lyon. \u00abPrometo que seguiremos ofreciendo las mejores soluciones para nuestros clientes para facilitar sus vidas y su d\u00eda a d\u00eda en el trabajo\u00bb, apunt\u00f3 el Dr. Scholz.<\/span><\/p>\n<p><span> <\/span><\/p>\n<p ><span>El jurado calific\u00f3 al Amarok como el abanderado del lema \u00abtrabaja duro, juega duro\u00bb, un concepto presente en todo el segmento pick-up. El dise\u00f1o limpio, las fant\u00e1sticas sensaciones que transmite y la calidad de los acabados fueron espec\u00edficamente nombrados por el jurado como factores clave para su decisi\u00f3n. El tama\u00f1o de la doble cabina, con espacio para cinco personas, referencia del segmento, tambi\u00e9n impresion\u00f3. Los asientos ergoComfort para el conductor y el acompa\u00f1ante, con el logo AGR de la <i>German Healthy Backs Society<\/i>, tambi\u00e9n convenci\u00f3 al jurado, que resalt\u00f3 adem\u00e1s la transmisi\u00f3n autom\u00e1tica de ocho velocidades y las notables prestaciones del motor V6 TDI, \u00fanicas en su segmento.<\/span><\/p>\n<p><span> <\/span><\/p>\n<p ><span>Los miembros del jurado destacaron especialmente las cualidades <i>on<\/i> y <i>off-road<\/i> del V6 Amarok: \u00abEl refinamiento y la elasticidad del motor marcan una nueva referencia para el segmento\u00bb. Asimismo, tambi\u00e9n explicaron por qu\u00e9 concedieron el galard\u00f3n: \u00abEl rendimiento no supone ning\u00fan reto para el Volkswagen Amarok V6. Su amplia selecci\u00f3n de motores TDI de tres litros, con potencias de entre 120 y 190 kW, cumplen con las expectativas de potencia y par motor de los clientes m\u00e1s exigentes\u00bb.<\/span><\/p>\n<p><span> <\/span><\/p>\n<p ><span>El nuevo Amarok, con su motor V6, est\u00e1 siendo todo un \u00e9xito. A finales de octubre de este a\u00f1o, Volkswagen Veh\u00edculos Comerciales ya hab\u00eda entregado 65.200 unidades de Amarok (57.600 unidades en el mismo per\u00edodo del a\u00f1o anterior). Esto supone un incremento del 13,2%.<\/span><\/p>\n<p><span> <\/span><\/p>\n<p><span> <\/span><\/p>\n<p><span> <\/span><\/p>\n<p><span> <\/span><\/p>\n<p ><span>Los premios <i>International Van Of The Year 2018<\/i> tambi\u00e9n se presentaron durante la ceremonia, celebrada en el marco del Sal\u00f3n Internacional del Transporte Solutrans 2017: en esta ocasi\u00f3n, el Volkswagen Caddy TGI, la furgoneta y monovolumen familiar de Volkswagen Veh\u00edculos Comerciales, propulsado por Gas Natural Comprimido, tambi\u00e9n logr\u00f3 subir al podio de los tres mejores.<\/span><\/p>\n<p><span> <\/span><\/p>\n<p ><span>El Premio <i>Pick-up Internacional IPUA<\/i> tan solo es concedido cada dos o tres a\u00f1os por una representaci\u00f3n de los miembros del jurado del IVotY (International Van Of The Year), un grupo de reconocidos periodistas del sector de 25 pa\u00edses distintos. Diecis\u00e9is de ellos eval\u00faan los veh\u00edculos por separado, siguiendo una serie de criterios fijados de antemano. El Volkswagen Amarok ya gan\u00f3 el IPUA en 2010, convirti\u00e9ndose as\u00ed en la \u00fanica camioneta pick-up que gana el premio una segunda vez.<\/span><\/p>\n<p ><span> <\/span><\/p>\n<p><span> <\/span><\/p>\n<p ><span>Sobre la marca Volkswagen Veh\u00edculos Comerciales<\/span><\/p>\n<p ><span> <\/span><\/p>\n<p >\u00abOfrecemos las mejores soluciones de transporte para nuestros clientes de todo el mundo\u00bb.<\/p>\n<p >Como marca independiente dentro del Grupo Volkswagen, Volkswagen Veh\u00edculos Comerciales es responsable global del desarrollo, fabricaci\u00f3n y venta de veh\u00edculos comerciales ligeros, produciendo los exitosos modelos Transporter, Caravelle, Multivan, California, \u00a0Caddy, Crafter y Amarok. En colaboraci\u00f3n con sus clientes, Volkswagen Veh\u00edculos Comerciales dise\u00f1a prototipos y soluciones telem\u00e1ticas y log\u00edsticas apropiadas para un uso optimizado de los recursos con el m\u00e1ximo grado de eficiencia. En 2016, la marca vendi\u00f3 cerca de 480.000 veh\u00edculos comerciales ligeros, producidos en sus plantas de Hannover (Alemania), Pozn\u00e1n y Wrzesnia (Polonia) y Pacheco (Argentina). Volkswagen Veh\u00edculos Comerciales emplea a cerca de 21.000 trabajadores en todo el mundo. La planta de Hannover dispone de cerca de 14.200 empleados, de los que 650 son aprendices y 67 estudiantes de formaci\u00f3n profesional dual.<\/p>\n<\/p>\n<p><span> <\/span><\/p>\n<\/p>\n<p >\u00a0<\/p>\n<p ><span>Volkswagen Veh\u00edculos Comerciales<\/span><\/p>\n<p >Comunicaci\u00f3n de Producto<\/p>\n<p ><span>Andreas Gottwald<\/span><\/p>\n<p ><span>Tel.: +49 (0) 511 \/ 7 98-9454<\/span><\/p>\n<p ><span>Email: <a href=\"mailto:andreas.gottwald@volkswagen.de\">andreas.gottwald@volkswagen.de<\/a><\/span><\/p>\n<p ><a href=\"http:\/\/www.vwn-presse.de\/\" rel=\"nofollow noopener\" target=\"_blank\"><span>www.vwn-presse.de<\/span><\/a><\/p>\n<p><span> <\/span><\/p>\n<p><span> <\/span><\/p>\n","protected":false},"excerpt":{"rendered":"El galard\u00f3n Pick-up del jurado del International Van Of The Year ha reca\u00eddo sobre el Amarok de Volkswagen Veh\u00edculos ComercialesLos potentes motores V6 TDI y su interior m\u00e1s espacioso y tecnol\u00f3gico, decisivos en la adjudicaci\u00f3n","protected":false},"author":1,"featured_media":1300,"comment_status":"open","ping_status":"open","sticky":false,"template":"","format":"standard","meta":{"_acf_changed":false,"ep_exclude_from_search":false,"footnotes":""},"categories":[28],"tags":[],"class_list":["post-1298","post","type-post","status-publish","format-standard","has-post-thumbnail","hentry","category-amarok"],"acf":[],"_links":{"self":[{"href":"https:\/\/www.volkswagen-comerciales.es\/comunicacion\/wp-json\/wp\/v2\/posts\/1298","targetHints":{"allow":["GET"]}}],"collection":[{"href":"https:\/\/www.volkswagen-comerciales.es\/comunicacion\/wp-json\/wp\/v2\/posts"}],"about":[{"href":"https:\/\/www.volkswagen-comerciales.es\/comunicacion\/wp-json\/wp\/v2\/types\/post"}],"author":[{"embeddable":true,"href":"https:\/\/www.volkswagen-comerciales.es\/comunicacion\/wp-json\/wp\/v2\/users\/1"}],"replies":[{"embeddable":true,"href":"https:\/\/www.volkswagen-comerciales.es\/comunicacion\/wp-json\/wp\/v2\/comments?post=1298"}],"version-history":[{"count":1,"href":"https:\/\/www.volkswagen-comerciales.es\/comunicacion\/wp-json\/wp\/v2\/posts\/1298\/revisions"}],"predecessor-version":[{"id":6272,"href":"https:\/\/www.volkswagen-comerciales.es\/comunicacion\/wp-json\/wp\/v2\/posts\/1298\/revisions\/6272"}],"wp:featuredmedia":[{"embeddable":true,"href":"https:\/\/www.volkswagen-comerciales.es\/comunicacion\/wp-json\/wp\/v2\/media\/1300"}],"wp:attachment":[{"href":"https:\/\/www.volkswagen-comerciales.es\/comunicacion\/wp-json\/wp\/v2\/media?parent=1298"}],"wp:term":[{"taxonomy":"category","embeddable":true,"href":"https:\/\/www.volkswagen-comerciales.es\/comunicacion\/wp-json\/wp\/v2\/categories?post=1298"},{"taxonomy":"post_tag","embeddable":true,"href":"https:\/\/www.volkswagen-comerciales.es\/comunicacion\/wp-json\/wp\/v2\/tags?post=1298"}],"curies":[{"name":"wp","href":"https:\/\/api.w.org\/{rel}","templated":true}]}}