{"id":1313,"date":"2018-05-16T00:00:00","date_gmt":"2018-05-16T00:00:00","guid":{"rendered":"https:\/\/www.volkswagen-comerciales.es\/2018\/05\/16\/el-volkswagen-amarok-estrena-motor-y-equipamientos-suv\/"},"modified":"2021-06-10T13:44:41","modified_gmt":"2021-06-10T13:44:41","slug":"el-volkswagen-amarok-estrena-motor-y-equipamientos-suv","status":"publish","type":"post","link":"https:\/\/www.volkswagen-comerciales.es\/comunicacion\/2018\/05\/16\/el-volkswagen-amarok-estrena-motor-y-equipamientos-suv\/","title":{"rendered":"El Volkswagen Amarok estrena motor y equipamientos SUV"},"content":{"rendered":"<p ><span>l nuevo Amarok hace una declaraci\u00f3n de intenciones posicion\u00e1ndose como una clara alternativa a la oferta SUV actual. Con el lanzamiento del nuevo motor V6: ahora con 190kW (258 CV) y con la inclusi\u00f3n del pr\u00e1ctico Roll Cover como parte del equipamiento de serie el pick up se transforma en un eficiente SUV de altas prestaciones, preparado para superar cualquier tipo de terreno y ofreciendo una capacidad de maletero fuera de mercado. El sistema <i>Roll Cover<\/i> es una cubierta retr\u00e1ctil para la caja de carga de 2,52 metros cuadrados con un acabado de aluminio plateado. La cubierta ofrece protecci\u00f3n ante el polvo, la humedad y las miradas curiosas.<\/span><\/p>\n<p><span> <\/span><\/p>\n<p ><span>Adem\u00e1s de contar con el nuevo motor V6 de hasta 190kW (258 CV), el nuevo Amarok estrena otras novedades en la gama. Por un lado, las versiones Highline y Aventura ofrecer\u00e1n la posibilidad de equipar elementos interiores del techo en negro titanio, lo que, junto a los asientos en cuero Nappa negro, produce una apariencia muy atractiva. En el caso del Amarok Aventura se ofrece con llantas \u00abTalca\u00bb de 20 pulgadas en color Dark Graphite con superficie de brillo intenso. Adem\u00e1s, la pintura metalizada Peacock Green, que se ofrece por primera vez en el Amarok, est\u00e1 disponible en exclusiva para el Aventura de 258 CV. Todo ello, unido a la barra deportiva del mismo color que la carrocer\u00eda, subraya la imagen deportiva de este modelo. Tambi\u00e9n siguen disponibles el acabado opcional en pintura mate (Indium Grey o Ravenna Blue) y la pintura metalizada Ravenna Blue, que le aporta ese toque exclusivo extra.<\/span><\/p>\n<p><span> <\/span><\/p>\n<p ><span>Las primeras unidades del Amarok con el nuevo motor V6 TDI de 190kW (258 CV) llegar\u00e1n a la red de concesionarios de Volkswagen Veh\u00edculos Comerciales a partir del pr\u00f3ximo mes de agosto, pero ya se aceptan pedidos. El precio inicial para el nuevo motor de potencia superior es de 46.060 euros PFF(*) para el Amarok Aventura. Por su parte, la versi\u00f3n que da acceso a la gama Amarok, equipada con motor V6 3.0 TDI de 120 kW (163 CV), est\u00e1 disponible en Espa\u00f1a desde tan s\u00f3lo 29.170 euros PFF(*).<\/span><\/p>\n<p><span> <\/span><\/p>\n<p ><span>(*) Los precios informados en este comunicado hacen referencia a precios sin impuestos ni descuentos comerciales.<\/span><\/p>\n","protected":false},"excerpt":{"rendered":"El Amarok estrena un nuevo motor V6 TDI 3.0 de 190kW (258 CV) que cuenta adem\u00e1s con un overboost adicional de 13,6 CV y un par motor de 580 NmEl pr\u00e1ctico \"Roll Cover\" (cubierta para","protected":false},"author":1,"featured_media":1317,"comment_status":"open","ping_status":"open","sticky":false,"template":"","format":"standard","meta":{"_acf_changed":false,"ep_exclude_from_search":false,"footnotes":""},"categories":[28],"tags":[],"class_list":["post-1313","post","type-post","status-publish","format-standard","has-post-thumbnail","hentry","category-amarok"],"acf":[],"_links":{"self":[{"href":"https:\/\/www.volkswagen-comerciales.es\/comunicacion\/wp-json\/wp\/v2\/posts\/1313","targetHints":{"allow":["GET"]}}],"collection":[{"href":"https:\/\/www.volkswagen-comerciales.es\/comunicacion\/wp-json\/wp\/v2\/posts"}],"about":[{"href":"https:\/\/www.volkswagen-comerciales.es\/comunicacion\/wp-json\/wp\/v2\/types\/post"}],"author":[{"embeddable":true,"href":"https:\/\/www.volkswagen-comerciales.es\/comunicacion\/wp-json\/wp\/v2\/users\/1"}],"replies":[{"embeddable":true,"href":"https:\/\/www.volkswagen-comerciales.es\/comunicacion\/wp-json\/wp\/v2\/comments?post=1313"}],"version-history":[{"count":1,"href":"https:\/\/www.volkswagen-comerciales.es\/comunicacion\/wp-json\/wp\/v2\/posts\/1313\/revisions"}],"predecessor-version":[{"id":6269,"href":"https:\/\/www.volkswagen-comerciales.es\/comunicacion\/wp-json\/wp\/v2\/posts\/1313\/revisions\/6269"}],"wp:featuredmedia":[{"embeddable":true,"href":"https:\/\/www.volkswagen-comerciales.es\/comunicacion\/wp-json\/wp\/v2\/media\/1317"}],"wp:attachment":[{"href":"https:\/\/www.volkswagen-comerciales.es\/comunicacion\/wp-json\/wp\/v2\/media?parent=1313"}],"wp:term":[{"taxonomy":"category","embeddable":true,"href":"https:\/\/www.volkswagen-comerciales.es\/comunicacion\/wp-json\/wp\/v2\/categories?post=1313"},{"taxonomy":"post_tag","embeddable":true,"href":"https:\/\/www.volkswagen-comerciales.es\/comunicacion\/wp-json\/wp\/v2\/tags?post=1313"}],"curies":[{"name":"wp","href":"https:\/\/api.w.org\/{rel}","templated":true}]}}