{"id":1337,"date":"2018-10-15T00:00:00","date_gmt":"2018-10-15T00:00:00","guid":{"rendered":"https:\/\/www.volkswagen-comerciales.es\/2018\/10\/15\/eric-felber-nuevo-director-de-comunicacion-de-volkswagen-vehiculos-comerciales\/"},"modified":"2021-05-04T15:34:15","modified_gmt":"2021-05-04T15:34:15","slug":"eric-felber-nuevo-director-de-comunicacion-de-volkswagen-vehiculos-comerciales","status":"publish","type":"post","link":"https:\/\/www.volkswagen-comerciales.es\/comunicacion\/2018\/10\/15\/eric-felber-nuevo-director-de-comunicacion-de-volkswagen-vehiculos-comerciales\/","title":{"rendered":"Eric Felber, nuevo director de Comunicaci\u00f3n de Volkswagen Veh\u00edculos Comerciales"},"content":{"rendered":"<p>Tras formarse como periodista, Eric Felber se uni\u00f3 al Grupo Volkswagen en 2001. Ocup\u00f3 diversos puestos en Comunicaci\u00f3n Corporativa y de Producto en AUDI AG y en 2011 se traslad\u00f3 al departamento de Comunicaci\u00f3n Corporativa del Grupo Volkswagen. En oto\u00f1o de 2015, se convirti\u00f3 en director de Comunicaci\u00f3n Corporativa y Relaciones Globales con los Medios. Desde julio de 2018, ha sido responsable del recientemente creado departamento de Comunicaci\u00f3n de Responsabilidad Corporativa, que re\u00fane RSC, asuntos medioambientales y sostenibilidad, deportes, arte, cultura y sociedad, relaci\u00f3n con invitados y clientes (servicios a visitantes en la sede de Wolfsburg) y el Foro DRIVE del Grupo Volkswagen en Berl\u00edn.<\/p>\n<\/p>\n<p>G\u00fcnther Scherelis estudi\u00f3 Ciencias de la Tierra. En 1990, empez\u00f3 en la marca Volkswagen en el \u00e1rea de Producci\u00f3n relacionada con la protecci\u00f3n medioambiental y, en 1992, se uni\u00f3 al departamento de Relaciones P\u00fablicas. Tras varios puestos en Comunicaci\u00f3n Corporativa, incluyendo portavoz para Asuntos Medioambientales y director de Relaciones P\u00fablicas Empresariales y An\u00e1lisis de Medios, en 2005 se convirti\u00f3 en director de Comunicaci\u00f3n de Volkswagen Veh\u00edculos Comerciales. En 2008, se traslad\u00f3 a la marca espa\u00f1ola SEAT como director de Comunicaci\u00f3n Corporativa y en 2009 fue nombrado director de Comunicaci\u00f3n de la f\u00e1brica de Volkswagen en Chattanooga, Estados Unidos. A finales de 2013, regres\u00f3 a Alemania y asumi\u00f3 de nuevo la responsabilidad del departamento de Comunicaci\u00f3n de la marca Volkswagen Veh\u00edculos Comerciales en Hannover.<\/p>\n","protected":false},"excerpt":{"rendered":"Felber, de 50 a\u00f1os, asumir\u00e1 el cargo a partir del 1 de noviembre y reportar\u00e1 directamente al Dr. Thomas Sedran, consejero delegado de la marca El Dr. G\u00fcnther Scherelis, de 62 a\u00f1os, se reubica en","protected":false},"author":1,"featured_media":1340,"comment_status":"open","ping_status":"open","sticky":false,"template":"","format":"standard","meta":{"_acf_changed":false,"ep_exclude_from_search":false,"footnotes":""},"categories":[54],"tags":[],"class_list":["post-1337","post","type-post","status-publish","format-standard","has-post-thumbnail","hentry","category-directivos"],"acf":[],"_links":{"self":[{"href":"https:\/\/www.volkswagen-comerciales.es\/comunicacion\/wp-json\/wp\/v2\/posts\/1337","targetHints":{"allow":["GET"]}}],"collection":[{"href":"https:\/\/www.volkswagen-comerciales.es\/comunicacion\/wp-json\/wp\/v2\/posts"}],"about":[{"href":"https:\/\/www.volkswagen-comerciales.es\/comunicacion\/wp-json\/wp\/v2\/types\/post"}],"author":[{"embeddable":true,"href":"https:\/\/www.volkswagen-comerciales.es\/comunicacion\/wp-json\/wp\/v2\/users\/1"}],"replies":[{"embeddable":true,"href":"https:\/\/www.volkswagen-comerciales.es\/comunicacion\/wp-json\/wp\/v2\/comments?post=1337"}],"version-history":[{"count":1,"href":"https:\/\/www.volkswagen-comerciales.es\/comunicacion\/wp-json\/wp\/v2\/posts\/1337\/revisions"}],"predecessor-version":[{"id":6045,"href":"https:\/\/www.volkswagen-comerciales.es\/comunicacion\/wp-json\/wp\/v2\/posts\/1337\/revisions\/6045"}],"wp:featuredmedia":[{"embeddable":true,"href":"https:\/\/www.volkswagen-comerciales.es\/comunicacion\/wp-json\/wp\/v2\/media\/1340"}],"wp:attachment":[{"href":"https:\/\/www.volkswagen-comerciales.es\/comunicacion\/wp-json\/wp\/v2\/media?parent=1337"}],"wp:term":[{"taxonomy":"category","embeddable":true,"href":"https:\/\/www.volkswagen-comerciales.es\/comunicacion\/wp-json\/wp\/v2\/categories?post=1337"},{"taxonomy":"post_tag","embeddable":true,"href":"https:\/\/www.volkswagen-comerciales.es\/comunicacion\/wp-json\/wp\/v2\/tags?post=1337"}],"curies":[{"name":"wp","href":"https:\/\/api.w.org\/{rel}","templated":true}]}}