{"id":1383,"date":"2019-04-01T00:00:00","date_gmt":"2019-04-01T00:00:00","guid":{"rendered":"https:\/\/www.volkswagen-comerciales.es\/2019\/04\/01\/volkswagen-vehiculos-comerciales-lanza-en-espana-el-nuevo-e-crafter-100-electrico\/"},"modified":"2021-05-13T16:35:46","modified_gmt":"2021-05-13T16:35:46","slug":"volkswagen-vehiculos-comerciales-lanza-en-espana-el-nuevo-e-crafter-100-electrico","status":"publish","type":"post","link":"https:\/\/www.volkswagen-comerciales.es\/comunicacion\/2019\/04\/01\/volkswagen-vehiculos-comerciales-lanza-en-espana-el-nuevo-e-crafter-100-electrico\/","title":{"rendered":"Volkswagen Veh\u00edculos Comerciales lanza en Espa\u00f1a el nuevo e-Crafter, 100% el\u00e9ctrico"},"content":{"rendered":"<p ><span>El nuevo e-Crafter mantiene el mismo car\u00e1cter ganador de las versiones con propulsi\u00f3n convencional. Es, en ese sentido, el veh\u00edculo de reparto por excelencia, que ofrece valores referentes en su segmento. Destaca, sobre todo, el gran volumen de su compartimento de carga, 3201 mm x 1832 mm x 1861 mm, con 10,7 m3 de espacio y una capacidad de carga \u00fatil de hasta 1.709 kg. <\/span><\/p>\n<p><span> <\/span><\/p>\n<p ><span>El e-Crafter equipa un motor el\u00e9ctrico con una potencia de salida m\u00e1xima de 100kW\/136CV que genera un par m\u00e1ximo de 290 Nm, lo que garantiza un rendimiento excelente incluso con el veh\u00edculo cargado, adem\u00e1s de una conducci\u00f3n eficiente, c\u00f3moda y sin emisiones. El motor se alimenta mediante un paquete de bater\u00edas de iones de litio montado bajo el suelo del espacio de carga, que se combina con un sistema de carga r\u00e1pida CCS que permite recargar las bater\u00edas al 80% en tan solo 45 minutos. Todo ello, junto a una autonom\u00eda de hasta 170 kil\u00f3metros, convierten al e-Crafter en el veh\u00edculo de reparto urbano m\u00e1s eficiente de su segmento.<\/span><\/p>\n<p><span> <\/span><\/p>\n<p ><span>Al margen del motor 100% el\u00e9ctrico, el nuevo e-Crafter se diferencia de las versiones TDI por diversos detalles, tales como parachoques pintados en el color de la carrocer\u00eda, las bandas laterales de protecci\u00f3n y una l\u00ednea azul horizontal en la parrilla frontal. El e-Crafter puede ser reconocido por sus luces de circulaci\u00f3n diurna en forma de C, la caracter\u00edstica de identificaci\u00f3n t\u00edpica de los veh\u00edculos el\u00e9ctricos de Volkswagen. La cabina se diferencia de las versiones di\u00e9sel en que tiene un &#8216;medidor de potencia&#8217; en lugar del contador de revoluciones y un volante de cuero con ribeteado azul. Las costuras y asientos de titanio negro tambi\u00e9n presentan el mismo ribete azul del e-Crafter.<\/span><\/p>\n<p><span> <\/span><\/p>\n<p ><span>El e-Crafter tambi\u00e9n ofrece a sus usuarios disfrutar de las ventajas que ofrece su movilidad 100% el\u00e9ctrica con etiqueta cero emisiones. Adem\u00e1s de un funcionamiento m\u00e1s suave y silencioso se beneficia de ventajas econ\u00f3micas, tanto por la reducci\u00f3n del mantenimiento como por las exenciones de pago de peajes y aparcamiento en ciertas \u00e1reas, as\u00ed como de la libre circulaci\u00f3n en episodios de contaminaci\u00f3n y restricci\u00f3n al tr\u00e1fico en grandes ciudades.<\/span><\/p>\n<p><span> <\/span><\/p>\n<p ><span>El nuevo e-Crafter ya est\u00e1 a la venta con un precio recomendado de 54.460\u20ac antes de impuestos (67.935\u20ac PVP).<\/span><\/p>\n<p><span> <\/span><\/p>\n<p><span> <\/span><\/p>\n<p><span> <\/span><\/p>\n<p >Datos t\u00e9cnicos del nuevo e-Crafter<\/p>\n<p ><span> <\/span><\/p>\n<p ><span>Sistema de propulsi\u00f3n: motor el\u00e9ctrico<\/span><\/p>\n<p ><span>Potencia de salida: 100kW\/136CV<\/span><\/p>\n<p ><span>Par de torsi\u00f3n: 290 Nm<\/span><\/p>\n<p ><span>Bater\u00eda: Iones de litio (26 x 12 celdas)<\/span><\/p>\n<p ><span>43 kWh \/ 384 V<\/span><\/p>\n<p ><span>Tiempo de carga: 45 min (a 40 kW) DC 40 kW <\/span><\/p>\n<p ><span>Permanente. Peso total: 3,5t (4,25t opcionales)<\/span><\/p>\n<p ><span>Velocidad m\u00e1xima: 90 km\/h<\/span><\/p>\n<p ><span>Alcance: 170 km.<\/span><\/p>\n<p ><span>Peso en vac\u00edo CE: 2,541 kg<\/span><\/p>\n<p ><span>Carga: hasta 1,709 kg<\/span><\/p>\n<p ><span>Capacidad de espacio de carga: 10.7 m3<\/span><\/p>\n","protected":false},"excerpt":{"rendered":"La nueva versi\u00f3n 100% el\u00e9ctrica abre el camino hacia la electrificaci\u00f3n de la gamaEl motor el\u00e9ctrico de 100kW\/136CV de potencia con sistema de carga r\u00e1pida y 170 km de autonom\u00eda convierten al e-Crafter en el","protected":false},"author":1,"featured_media":1385,"comment_status":"open","ping_status":"open","sticky":false,"template":"","format":"standard","meta":{"_acf_changed":false,"ep_exclude_from_search":false,"footnotes":""},"categories":[21],"tags":[],"class_list":["post-1383","post","type-post","status-publish","format-standard","has-post-thumbnail","hentry","category-e-crafter"],"acf":[],"_links":{"self":[{"href":"https:\/\/www.volkswagen-comerciales.es\/comunicacion\/wp-json\/wp\/v2\/posts\/1383","targetHints":{"allow":["GET"]}}],"collection":[{"href":"https:\/\/www.volkswagen-comerciales.es\/comunicacion\/wp-json\/wp\/v2\/posts"}],"about":[{"href":"https:\/\/www.volkswagen-comerciales.es\/comunicacion\/wp-json\/wp\/v2\/types\/post"}],"author":[{"embeddable":true,"href":"https:\/\/www.volkswagen-comerciales.es\/comunicacion\/wp-json\/wp\/v2\/users\/1"}],"replies":[{"embeddable":true,"href":"https:\/\/www.volkswagen-comerciales.es\/comunicacion\/wp-json\/wp\/v2\/comments?post=1383"}],"version-history":[{"count":1,"href":"https:\/\/www.volkswagen-comerciales.es\/comunicacion\/wp-json\/wp\/v2\/posts\/1383\/revisions"}],"predecessor-version":[{"id":6178,"href":"https:\/\/www.volkswagen-comerciales.es\/comunicacion\/wp-json\/wp\/v2\/posts\/1383\/revisions\/6178"}],"wp:featuredmedia":[{"embeddable":true,"href":"https:\/\/www.volkswagen-comerciales.es\/comunicacion\/wp-json\/wp\/v2\/media\/1385"}],"wp:attachment":[{"href":"https:\/\/www.volkswagen-comerciales.es\/comunicacion\/wp-json\/wp\/v2\/media?parent=1383"}],"wp:term":[{"taxonomy":"category","embeddable":true,"href":"https:\/\/www.volkswagen-comerciales.es\/comunicacion\/wp-json\/wp\/v2\/categories?post=1383"},{"taxonomy":"post_tag","embeddable":true,"href":"https:\/\/www.volkswagen-comerciales.es\/comunicacion\/wp-json\/wp\/v2\/tags?post=1383"}],"curies":[{"name":"wp","href":"https:\/\/api.w.org\/{rel}","templated":true}]}}