{"id":511,"date":"2011-12-21T00:00:00","date_gmt":"2011-12-21T00:00:00","guid":{"rendered":"https:\/\/www.volkswagen-comerciales.es\/2011\/12\/21\/nuevo-crafter-4motion\/"},"modified":"2011-12-21T00:00:00","modified_gmt":"2011-12-21T00:00:00","slug":"nuevo-crafter-4motion","status":"publish","type":"post","link":"https:\/\/www.volkswagen-comerciales.es\/comunicacion\/2011\/12\/21\/nuevo-crafter-4motion\/","title":{"rendered":"NUEVO CRAFTER 4MOTION"},"content":{"rendered":"<p align=\"justify\">Desde su lanzamiento, el nuevo Crafter ha ido ganando adeptos gracias a sus m\u00faltiples virtudes. Ahora, la gama Crafter incorpora un nuevo y s\u00f3lido argumento, la tracci\u00f3n 4Motion a las cuatro ruedas de Achleitner, el especialista austriaco en tracciones integrales que ha desarrollado un sistema de tracci\u00f3n efectiva tanto en carretera como fuera de ella. Gracias a la tecnolog\u00eda 4Motion, el nuevo Crafter con tracci\u00f3n a las cuatro ruedas es, hasta donde le permiten las leyes de la f\u00edsica, capaz de transitar por cualquier terreno como un aut\u00e9ntico todoterreno. Este nuevo Crafter se estrenar\u00e1, como ya hizo el Amarok en su momento, en el pr\u00f3ximo Rallye Dakar como veh\u00edculo de asistencia.<\/p>\n<p align=\"justify\">\u00a0<\/p>\n<p align=\"justify\">El Crafter 4Motion est\u00e1 pensado y dise\u00f1ado para su uso en terrenos extremos, ante la creciente demanda en mercados emergentes de veh\u00edculos de transporte todoterreno. Los proveedores de energ\u00edas alternativas deben ir ganando mercado en regiones que raramente disponen de infraestructuras por las que transitar sin dificultad. Adem\u00e1s, la industria de la construcci\u00f3n, los servicios de emergencia, las organizaciones humanitarias, los bomberos y la polic\u00eda, cada vez m\u00e1s depositan su confianza en veh\u00edculos con tracci\u00f3n total. Volkswagen Veh\u00edculos Comerciales da respuesta a esta tendencia desde hace a\u00f1os con su gama de modelos 4Motion, desde el Volkswagen Transporter T5 (del cual cada a\u00f1o un 15% aproximadamente son con tracci\u00f3n a las cuatro ruedas), el Volkswagen Caddy (con un 13% con tracci\u00f3n a las cuatro ruedas cada a\u00f1o) hasta por supuesto, el m\u00e1s reciente Amarok.<\/p>\n<p align=\"justify\">\u00a0<\/p>\n<p align=\"justify\">El sistema de Achleitner Company es un sistema evolucionado de tracci\u00f3n. Su bajo ratio de reducci\u00f3n (2.5:1) tiene en cuenta las grandes cargas que un Crafter debe transportar en condiciones extremas fuera de carretera. Se define por una distribuci\u00f3n de la potencia permanente y uniforme (50:50) a ambos ejes con bloqueo de diferencial de serie en la caja central y en el eje posterior. Como opci\u00f3n extra, tambi\u00e9n se puede pedir el bloqueo en el eje delantero. Equipado con esta tecnolog\u00eda, la f\u00edsica es el \u00fanico l\u00edmite para el Crafter 4Motion. Cuando todos los bloqueos est\u00e1n activados, una sola rueda puede recibir hasta el 100% de la potencia sin que exista compensaci\u00f3n de los distintos pares de transmisi\u00f3n.<\/p>\n<p align=\"justify\">\u00a0<\/p>\n<p align=\"justify\">Los cambios han sido muy completos. Achleitner ha modificado tanto el eje delantero con suspensi\u00f3n independiente como el trasero, que es r\u00edgido. Muelles reforzados con mayor recorrido, amortiguadores progresivos y estabilizadores modificados. Estos son los cambios m\u00e1s destacados. El resultado final, al margen de si el tipo de neum\u00e1tico utilizado es de carretera u off-road, es el aumento de la distancia al suelo en unos diez cent\u00edmetros.<\/p>\n<p align=\"justify\">\u00a0<\/p>\n<p align=\"justify\">El Crafter 4Motion est\u00e1 equipado de forma exclusiva con el motor m\u00e1s poderoso, ofreciendo una gran fuerza de tracci\u00f3n y una potencia de 163 CV. Este motor biturbo de 2.0 litros, conocido ya del Amarok y de la amplia gama T5, genera un par motor m\u00e1ximo de 400 Nm a tan solo 1.800 rpm, el cual es suficiente para arrancar y avanzar tras apretar un simple bot\u00f3n de la reductora en los terrenos m\u00e1s duros. Adem\u00e1s, puede hacerlo con soltura aunque el veh\u00edculo est\u00e9 totalmente cargado, con independencia de que sea el modelo de 3,5 o 5 toneladas.<\/p>\n<p align=\"justify\">\u00a0<\/p>\n<p align=\"justify\">El Crafter 4Motion con tracci\u00f3n a las cuatro ruedas est\u00e1 disponible en todas las variantes de carrocer\u00eda, furg\u00f3n y chasis cabina, as\u00ed como con las distintas distancias de ejes y tipos de techo. El Crafter 4Motion estar\u00e1 disponible en Espa\u00f1a a partir del segundo trimestre 2012.<\/p>\n","protected":false},"excerpt":{"rendered":"o Tracci\u00f3n 4Motion capaz de superar las condiciones off-road m\u00e1s exigentes, hasta con 5 toneladas de peso en cualquier tipo de terreno. o Volkswagen Veh\u00edculos Comerciales completa la gama 4Motion m\u00e1s amplia y vers\u00e1til del","protected":false},"author":1,"featured_media":513,"comment_status":"open","ping_status":"open","sticky":false,"template":"","format":"standard","meta":{"_acf_changed":false,"ep_exclude_from_search":false,"footnotes":""},"categories":[29],"tags":[],"class_list":["post-511","post","type-post","status-publish","format-standard","has-post-thumbnail","hentry","category-crafter-generaciones-anteriores"],"acf":[],"_links":{"self":[{"href":"https:\/\/www.volkswagen-comerciales.es\/comunicacion\/wp-json\/wp\/v2\/posts\/511","targetHints":{"allow":["GET"]}}],"collection":[{"href":"https:\/\/www.volkswagen-comerciales.es\/comunicacion\/wp-json\/wp\/v2\/posts"}],"about":[{"href":"https:\/\/www.volkswagen-comerciales.es\/comunicacion\/wp-json\/wp\/v2\/types\/post"}],"author":[{"embeddable":true,"href":"https:\/\/www.volkswagen-comerciales.es\/comunicacion\/wp-json\/wp\/v2\/users\/1"}],"replies":[{"embeddable":true,"href":"https:\/\/www.volkswagen-comerciales.es\/comunicacion\/wp-json\/wp\/v2\/comments?post=511"}],"version-history":[{"count":0,"href":"https:\/\/www.volkswagen-comerciales.es\/comunicacion\/wp-json\/wp\/v2\/posts\/511\/revisions"}],"wp:featuredmedia":[{"embeddable":true,"href":"https:\/\/www.volkswagen-comerciales.es\/comunicacion\/wp-json\/wp\/v2\/media\/513"}],"wp:attachment":[{"href":"https:\/\/www.volkswagen-comerciales.es\/comunicacion\/wp-json\/wp\/v2\/media?parent=511"}],"wp:term":[{"taxonomy":"category","embeddable":true,"href":"https:\/\/www.volkswagen-comerciales.es\/comunicacion\/wp-json\/wp\/v2\/categories?post=511"},{"taxonomy":"post_tag","embeddable":true,"href":"https:\/\/www.volkswagen-comerciales.es\/comunicacion\/wp-json\/wp\/v2\/tags?post=511"}],"curies":[{"name":"wp","href":"https:\/\/api.w.org\/{rel}","templated":true}]}}