{"id":7179,"date":"2022-06-17T11:48:27","date_gmt":"2022-06-17T11:48:27","guid":{"rendered":"https:\/\/www.volkswagen-comerciales.es\/?p=7179"},"modified":"2022-06-22T11:49:59","modified_gmt":"2022-06-22T11:49:59","slug":"thomas-schafer-nombrado-nuevo-presidente-del-consejo-asesor-de-volkswagen-vehiculos-comerciales","status":"publish","type":"post","link":"https:\/\/www.volkswagen-comerciales.es\/comunicacion\/2022\/06\/17\/thomas-schafer-nombrado-nuevo-presidente-del-consejo-asesor-de-volkswagen-vehiculos-comerciales\/","title":{"rendered":"Thomas Sch\u00e4fer, nombrado nuevo presidente del Consejo Asesor de Volkswagen Veh\u00edculos Comerciales"},"content":{"rendered":"<p>El Grupo de marcas de volumen, que incluye Volkswagen Turismos como marca principal, \u0160KODA, SEAT \/ CUPRA y Volkswagen Veh\u00edculos Comerciales, desempe\u00f1a un papel clave en la estrategia NEW AUTO del Grupo Volkswagen. La cooperaci\u00f3n entre las marcas que conforman este Grupo, que seguir\u00e1n siendo marcas fuertes e independientes en el futuro, se intensificar\u00e1 y reestructurar\u00e1 para aprovechar a\u00fan m\u00e1s el enorme potencial y las sinergias. Como primera medida, el consejero delegado de la marca Volkswagen Turismos ejerce tambi\u00e9n el cargo de consejero delegado del Grupo de marcas de volumen y forma parte del Comit\u00e9 Ejecutivo del Grupo Volkswagen. Como parte de su cargo, tambi\u00e9n asumir\u00e1 sucesivamente la presidencia de los Consejos de Administraci\u00f3n y Asesoramiento de las respectivas marcas de volumen.<\/p>\n<p>\u00abVolkswagen Veh\u00edculos Comerciales es un elemento clave del Grupo de marcas de volumen\u00bb, afirma Thomas Sch\u00e4fer. \u00abGracias a la transformaci\u00f3n hacia la electromovilidad y como centro de competencia para la conducci\u00f3n aut\u00f3noma, estamos perfectamente preparados para el futuro. Me gustar\u00eda ayudar a trazar este camino, y establecer una estrecha colaboraci\u00f3n con todas las marcas del Grupo\u00bb.<\/p>\n<p>El Consejo Asesor de VWCV est\u00e1 formado por cinco representantes de los empleados y cinco representantes de la empresa que se re\u00fanen regularmente cuatro veces al a\u00f1o. Adem\u00e1s de los representantes que conforman el Consejo Asesor, el c\u00edrculo del Comit\u00e9 Ejecutivo de la marc<\/p>\n<p>El Consejo Asesor se encarga de aconsejar al Comit\u00e9 Ejecutivo de la marca Volkswagen Veh\u00edculos Comerciales y al Comit\u00e9 Ejecutivo de Volkswagen AG sobre todas las cuestiones importantes relacionadas con el \u00e1rea de negocio de Volkswagen Veh\u00edculos Comerciales. Esta labor abarca la toma decisiones sobre la estrategia global de la marca, el control de la ronda de planificaci\u00f3n y la planificaci\u00f3n de productos, la conclusi\u00f3n de acuerdos de cooperaci\u00f3n, as\u00ed como el establecimiento y la reubicaci\u00f3n de las instalaciones de producci\u00f3n.<\/p>\n<p>&nbsp;<\/p>\n<p><strong>Nota para los editores<\/strong>: Podr\u00e1s encontrar este texto junto a una serie de im\u00e1genes <a href=\"https:\/\/vwn-presse.de\/content\/pressedb\/de\/en\/presseartikel.html?cfPath=\/content\/dam\/pressedb\/pressemitteilungen\/en\/pressetexte\/2022\/thomas-sch-fer-wird-neuer-beirats-vorsitzender-von-volkswagen-nutzfahrzeuge\/jcr:content\" rel=\"nofollow noopener\" target=\"_blank\">a trav\u00e9s de este enlace<\/a> y en nuestra Sala de Comunicaci\u00f3n: <a href=\"https:\/\/www.vwn-presse.de\/en.html\" rel=\"nofollow noopener\" target=\"_blank\">vwn-presse.de<\/a><\/p>\n<p>&nbsp;<\/p>\n","protected":false},"excerpt":{"rendered":"El consejero delegado de Volkswagen Turismos y responsable del Grupo de marcas de \u201cvolumen\u201d en el Comit\u00e9 Ejecutivo del Grupo Volkswagen presidir\u00e1 el Consejo Asesor a partir del 15 de junio de 2022 Thomas Sch\u00e4fer","protected":false},"author":13,"featured_media":7182,"comment_status":"open","ping_status":"open","sticky":false,"template":"","format":"standard","meta":{"_acf_changed":false,"ep_exclude_from_search":false,"footnotes":""},"categories":[54],"tags":[],"class_list":["post-7179","post","type-post","status-publish","format-standard","has-post-thumbnail","hentry","category-directivos"],"acf":[],"_links":{"self":[{"href":"https:\/\/www.volkswagen-comerciales.es\/comunicacion\/wp-json\/wp\/v2\/posts\/7179","targetHints":{"allow":["GET"]}}],"collection":[{"href":"https:\/\/www.volkswagen-comerciales.es\/comunicacion\/wp-json\/wp\/v2\/posts"}],"about":[{"href":"https:\/\/www.volkswagen-comerciales.es\/comunicacion\/wp-json\/wp\/v2\/types\/post"}],"author":[{"embeddable":true,"href":"https:\/\/www.volkswagen-comerciales.es\/comunicacion\/wp-json\/wp\/v2\/users\/13"}],"replies":[{"embeddable":true,"href":"https:\/\/www.volkswagen-comerciales.es\/comunicacion\/wp-json\/wp\/v2\/comments?post=7179"}],"version-history":[{"count":1,"href":"https:\/\/www.volkswagen-comerciales.es\/comunicacion\/wp-json\/wp\/v2\/posts\/7179\/revisions"}],"predecessor-version":[{"id":7183,"href":"https:\/\/www.volkswagen-comerciales.es\/comunicacion\/wp-json\/wp\/v2\/posts\/7179\/revisions\/7183"}],"wp:featuredmedia":[{"embeddable":true,"href":"https:\/\/www.volkswagen-comerciales.es\/comunicacion\/wp-json\/wp\/v2\/media\/7182"}],"wp:attachment":[{"href":"https:\/\/www.volkswagen-comerciales.es\/comunicacion\/wp-json\/wp\/v2\/media?parent=7179"}],"wp:term":[{"taxonomy":"category","embeddable":true,"href":"https:\/\/www.volkswagen-comerciales.es\/comunicacion\/wp-json\/wp\/v2\/categories?post=7179"},{"taxonomy":"post_tag","embeddable":true,"href":"https:\/\/www.volkswagen-comerciales.es\/comunicacion\/wp-json\/wp\/v2\/tags?post=7179"}],"curies":[{"name":"wp","href":"https:\/\/api.w.org\/{rel}","templated":true}]}}