{"id":831,"date":"2013-11-27T00:00:00","date_gmt":"2013-11-27T00:00:00","guid":{"rendered":"https:\/\/www.volkswagen-comerciales.es\/2013\/11\/27\/todos-los-hits-de-supersubmarina-caben-en-el-vwmusiccrafter\/"},"modified":"2021-11-16T19:44:51","modified_gmt":"2021-11-16T19:44:51","slug":"todos-los-hits-de-supersubmarina-caben-en-el-vwmusiccrafter","status":"publish","type":"post","link":"https:\/\/www.volkswagen-comerciales.es\/comunicacion\/2013\/11\/27\/todos-los-hits-de-supersubmarina-caben-en-el-vwmusiccrafter\/","title":{"rendered":"TODOS LOS HITS DE SUPERSUBMARINA CABEN EN EL #VWMUSICCRAFTER"},"content":{"rendered":"<p align=\"justify\">A pesar de su juventud, <b>Supersubmarina<\/b> se han convertido por m\u00e9ritos propios en una de las bandas m\u00e1s populares del momento gracias a <i>hits<\/i> de la talla de <i>Canci\u00f3n de Guerra<\/i>, <i>Ana<\/i> o la misma <i>Supersubmarina.<\/i> Siempre en b\u00fasqueda de nuevos retos, los de Ja\u00e9n se han embarcado en una gira llamada <i>Electroviral+Santacruz+Realimentaci\u00f3n<\/i> que dio comienzo el pasado viernes en Alicante y en la que repasar\u00e1n en directo todas las canciones (tanto de sus \u00e1lbumes oficiales como de sus EPs) que forman parte de su repertorio. Las siguientes paradas a bordo del Veh\u00edculo de la M\u00fasica ser\u00e1n Sevilla, Madrid, Baeza, Almer\u00eda, M\u00e1laga, Granada, Barcelona y Valencia. Una gira que promete <i>llenos<\/i> hasta la bandera, muchos kil\u00f3metros recorridos y, sobre todo, grandes momentos.\u00a0<\/p>\n<p align=\"justify\">Algo similar a lo que sucedi\u00f3 este mismo mes cuando los noruegos <b>KAKKMADDAFAKKA<\/b> se subieron al #VWMusicCrafter para presentar su nuevo disco <i>Six months is a long time<\/i> en once ciudades espa\u00f1olas en apenas doce d\u00edas. Todo un reto para esta joven banda, que Volkswagen Veh\u00edculos Comerciales apoy\u00f3 desde su primera visita a nuestro pa\u00eds, cuando apenas unos pocos los conoc\u00edan. En esta ocasi\u00f3n, los noruegos han agotado las entradas en la gran mayor\u00eda de sus conciertos, logrando reunir a m\u00e1s de 1.500 personas en su concierto del Circo Price que se celebr\u00f3 en Madrid.\u00a0<\/p>\n<p align=\"justify\">\u00a0<\/p>\n<p align=\"justify\">Acerca de \u00abEl Veh\u00edculo de la M\u00fasica\u00bb\u00a0<\/p>\n<p align=\"justify\">Este proyecto de Volkswagen Veh\u00edculos Comerciales, que arranc\u00f3 el 21 de junio de 2012 (D\u00eda de la M\u00fasica), naci\u00f3 con el objetivo de presentar el Volkswagen Crafter como el socio id\u00f3neo para las bandas que salen de gira por la carretera y necesitan versatilidad, confort y un amplio espacio de carga. Con esta iniciativa, Volkswagen Veh\u00edculos Comerciales no s\u00f3lo pretende apoyar a la m\u00fasica en tiempos dif\u00edciles, sino tambi\u00e9n ofrecer a los fans contenidos exclusivos sobre la parte que no suelen ver de las giras de sus bandas favoritas a trav\u00e9s de la web <a href=\"http:\/\/www.elvehiculodelamusica.com\/\" rel=\"nofollow noopener\" target=\"_blank\">www.elvehiculodelamusica.com<\/a><\/p>\n<p align=\"justify\">El Crafter destaca por su excelente capacidad de carga y por una gran versatilidad que se ha puesto una vez m\u00e1s de manifiesto con el proyecto de \u00abEl Veh\u00edculo de la M\u00fasica\u00bb. El Crafter cuenta con motores potentes, fiables y tambi\u00e9n eficientes con la incorporaci\u00f3n de las BlueMotion Technologies, que reducen el consumo y las emisiones sin ver mermadas sus prestaciones y su dinamismo en carretera. Adem\u00e1s este modelo cuenta con una versi\u00f3n 4MOTION, que lo convierte en un veh\u00edculo capaz de superar con solvencia terrenos de todo tipo.<\/p>\n<p align=\"justify\">\u00a0<\/p>\n<p align=\"justify\">#VWMusicCrafter<\/p>\n<p>\u00a0<\/p>\n<p>\u00a0<\/p>\n<p>\u00a0<\/p>\n","protected":false},"excerpt":{"rendered":"La banda celebra sus cinco a\u00f1os de carrera con una gira muy especial en la que interpretar\u00e1n todas sus canciones publicadas hasta el momento El Veh\u00edculo de la M\u00fasica acompa\u00f1ar\u00e1 a la banda en los","protected":false},"author":1,"featured_media":834,"comment_status":"open","ping_status":"open","sticky":false,"template":"","format":"standard","meta":{"_acf_changed":false,"ep_exclude_from_search":false,"footnotes":""},"categories":[60,29],"tags":[],"class_list":["post-831","post","type-post","status-publish","format-standard","has-post-thumbnail","hentry","category-acciones-de-marketing","category-crafter-generaciones-anteriores"],"acf":[],"_links":{"self":[{"href":"https:\/\/www.volkswagen-comerciales.es\/comunicacion\/wp-json\/wp\/v2\/posts\/831","targetHints":{"allow":["GET"]}}],"collection":[{"href":"https:\/\/www.volkswagen-comerciales.es\/comunicacion\/wp-json\/wp\/v2\/posts"}],"about":[{"href":"https:\/\/www.volkswagen-comerciales.es\/comunicacion\/wp-json\/wp\/v2\/types\/post"}],"author":[{"embeddable":true,"href":"https:\/\/www.volkswagen-comerciales.es\/comunicacion\/wp-json\/wp\/v2\/users\/1"}],"replies":[{"embeddable":true,"href":"https:\/\/www.volkswagen-comerciales.es\/comunicacion\/wp-json\/wp\/v2\/comments?post=831"}],"version-history":[{"count":1,"href":"https:\/\/www.volkswagen-comerciales.es\/comunicacion\/wp-json\/wp\/v2\/posts\/831\/revisions"}],"predecessor-version":[{"id":6596,"href":"https:\/\/www.volkswagen-comerciales.es\/comunicacion\/wp-json\/wp\/v2\/posts\/831\/revisions\/6596"}],"wp:featuredmedia":[{"embeddable":true,"href":"https:\/\/www.volkswagen-comerciales.es\/comunicacion\/wp-json\/wp\/v2\/media\/834"}],"wp:attachment":[{"href":"https:\/\/www.volkswagen-comerciales.es\/comunicacion\/wp-json\/wp\/v2\/media?parent=831"}],"wp:term":[{"taxonomy":"category","embeddable":true,"href":"https:\/\/www.volkswagen-comerciales.es\/comunicacion\/wp-json\/wp\/v2\/categories?post=831"},{"taxonomy":"post_tag","embeddable":true,"href":"https:\/\/www.volkswagen-comerciales.es\/comunicacion\/wp-json\/wp\/v2\/tags?post=831"}],"curies":[{"name":"wp","href":"https:\/\/api.w.org\/{rel}","templated":true}]}}