{"id":944,"date":"2014-09-24T00:00:00","date_gmt":"2014-09-24T00:00:00","guid":{"rendered":"https:\/\/www.volkswagen-comerciales.es\/2014\/09\/24\/un-california-comfortline-edition-acompanara-al-corredor-eugeni-rosello-durante-la-carrera-sin-etapas-mas-larga-de-europa\/"},"modified":"2021-11-16T19:42:49","modified_gmt":"2021-11-16T19:42:49","slug":"un-california-comfortline-edition-acompanara-al-corredor-eugeni-rosello-durante-la-carrera-sin-etapas-mas-larga-de-europa","status":"publish","type":"post","link":"https:\/\/www.volkswagen-comerciales.es\/comunicacion\/2014\/09\/24\/un-california-comfortline-edition-acompanara-al-corredor-eugeni-rosello-durante-la-carrera-sin-etapas-mas-larga-de-europa\/","title":{"rendered":"Un California Comfortline Edition acompa\u00f1ar\u00e1 al corredor Eugeni Rosell\u00f3 durante la carrera sin etapas m\u00e1s larga de Europa"},"content":{"rendered":"<p align=\"justify\">Eugeni Rosell\u00f3 (1980) es un corredor espa\u00f1ol nacido en La Pobla de Segur (Lleida) y especializado en pruebas de ultra distancia. Su mayor logro deportivo es la victoria, el a\u00f1o pasado, en la Spine Race, una carrera de 430 kil\u00f3metros que se considera la prueba m\u00e1s dura de Reino Unido. <\/p>\n<p align=\"justify\">En esta ocasi\u00f3n, la cita deportiva Projekt 500 miles reunir\u00e1 en Alemania a 55 atletas dispuestos a recorrer 661 kil\u00f3metros en 6 d\u00edas (entre el\u00a027 de septiembre y el 5 de octubre) sin apenas descansar. Se trata de una haza\u00f1a deportiva en la que los corredores pondr\u00e1n sus cuerpos al l\u00edmite, tanto f\u00edsica como psicol\u00f3gicamente.<\/p>\n<p align=\"justify\">Las normas de la carrera establecen que durante la competici\u00f3n los corredores est\u00e1n obligados a llevar encima, en todo momento, el material de supervivencia imprescindible. Bebida, comida, un saco de dormir, GPS, tel\u00e9fono m\u00f3vil o un impermeable son algunos de los elementos que forman parte del equipaje que Eugeni deber\u00e1 cargar en su espalda. No obstante, la asistencia en carrera est\u00e1 permitida, por lo que Rosell\u00f3 contar\u00e1 con un equipo de apoyo que le seguir\u00e1 en un California Comfortline Edition durante toda la carrera, y con el que podr\u00e1 reunirse en los 11 Checkpoints dispuestos a lo largo del recorrido para descansar o comer.<\/p>\n<p align=\"justify\">Volkswagen Veh\u00edculos Comerciales ha querido formar parte de la aventura de Rosell\u00f3 cedi\u00e9ndole el California Comfortline Edition que le acompa\u00f1ar\u00e1 a lo largo de toda la carrera. El acto de entrega del veh\u00edculo se ha celebrado esta semana en la sede de Volkswagen-Audi Espa\u00f1a en Barcelona, y ha contado con la presencia del director de Marketing de Volkswagen Veh\u00edculos Comerciales, \u00c1lex Garc\u00eda, quien mostr\u00f3 su admiraci\u00f3n \u00abante el reto al que se enfrenta Eugeni por la exigencia, tanto f\u00edsica como psicol\u00f3gica, que requiere\u00bb.<\/p>\n<p align=\"justify\">Adem\u00e1s, se mostr\u00f3 satisfecho de \u00abpoder apoyar a Eugeni en una carrera tan dura, en la que se pone al l\u00edmite el cuerpo humano\u00bb y asegur\u00f3 que \u00abel California es el aliado perfecto para el corredor, ya que le permitir\u00e1 vivir esta experiencia con total libertad sin renunciar al confort\u00bb.<\/p>\n<p align=\"justify\">Volkswagen California Comfortline Edition<\/p>\n<p align=\"justify\">El modelo de referencia de la gama T5 de Volkswagen Veh\u00edculos Comerciales es id\u00f3neo para este tipo de actividades deportivas ya que, por sus caracter\u00edsticas, es un veh\u00edculo que proporciona libertad e independencia, dos cualidades necesarias para afrontar una carrera de este tipo con m\u00e1s opciones de lograr la victoria. Gracias a la versatilidad, practicidad y confort del California Comfortline Edition, Eugeni Rosell\u00f3 podr\u00e1 utilizar la furgoneta para descansar, dormir o comer en los Checkpoints habilitados por la organizaci\u00f3n.<\/p>\n<p align=\"justify\">Enlaces de inter\u00e9s<\/p>\n<p align=\"justify\"><span>Para ver la preparaci\u00f3n de Eugeni Rosell\u00f3 de cara a la Projekt 500 miles haz click <a href=\"https:\/\/www.youtube.com\/watch?v=BpvpgVOyMxc&amp;feature=youtu.be\" rel=\"nofollow noopener\" target=\"_blank\">aqu\u00ed<\/a><\/span><\/p>\n<p align=\"justify\">Adem\u00e1s, el reto de Eugeni Rosell\u00f3 se podr\u00e1 seguir a trav\u00e9s de las redes sociales:<\/p>\n<p align=\"justify\"><a href=\"https:\/\/www.facebook.com\/volkswagenesp?fref=ts\" rel=\"nofollow noopener\" target=\"_blank\">Facebook<\/a> Volkswagen Espa\u00f1a<\/p>\n<p align=\"justify\"><a href=\"https:\/\/twitter.com\/VW_es\" rel=\"nofollow noopener\" target=\"_blank\"><span>Twitter<\/span><\/a> <span>Volkswagen Espa\u00f1a<\/span><\/p>\n<p align=\"justify\"><a href=\"http:\/\/eugenirosello.squarespace.com\/\" rel=\"nofollow noopener\" target=\"_blank\">Web Oficial<\/a> Eugeni Rosell\u00f3<\/p>\n<p align=\"justify\"><a href=\"https:\/\/twitter.com\/EugeniRosello\" rel=\"nofollow noopener\" target=\"_blank\"><span>Twitter<\/span><\/a> <span>Eugeni Rosell\u00f3<\/span><\/p>\n<p align=\"justify\"><a href=\"https:\/\/www.facebook.com\/eugeni.rosellosole?fref=ts\" rel=\"nofollow noopener\" target=\"_blank\">Facebook<\/a> Eugeni Rosell\u00f3<\/p>\n<p align=\"justify\">\u00a0<\/p>\n<p align=\"justify\"><span>Para m\u00e1s informaci\u00f3n:<\/span><\/p>\n<p align=\"justify\"><span>Direcci\u00f3n de Comunicaci\u00f3n y Relaciones Externas<\/span><\/p>\n<p align=\"justify\"><span>Volkswagen-Audi Espa\u00f1a<\/span><\/p>\n<p align=\"justify\"><span><\/span><\/p>\n<p align=\"justify\"><span>Tel: +34 91 348 86 34<\/span><\/p>\n<p align=\"justify\"><span><\/span><\/p>\n<p align=\"justify\"><span>Directora de Comunicaci\u00f3n. Eva Vicente, e-mail: <a href=\"mailto:eva.vicente@w-audi.es\"><span>eva.vicente@w-audi.es<\/span><\/a> <\/span><\/p>\n<p align=\"justify\"><span>Jefa de Prensa de Comunicaci\u00f3n Corporativa de Volkswagen. Ana Rivas, e-mail: <a href=\"mailto:rivas2@vw-audi.es\"><span>rivas2@vw-audi.es<\/span><\/a> Tel: + 34 91 348 86 36<\/span><\/p>\n","protected":false},"excerpt":{"rendered":"Se trata de la primera edici\u00f3n de la prueba Projekt 500 miles, que se celebrar\u00e1 del 27 de septiembre al 5 de octubre en Alemania El deportista catal\u00e1n recorrer\u00e1 661 kil\u00f3metros con un desnivel positivo","protected":false},"author":1,"featured_media":946,"comment_status":"open","ping_status":"open","sticky":false,"template":"","format":"standard","meta":{"_acf_changed":false,"ep_exclude_from_search":false,"footnotes":""},"categories":[26,59],"tags":[],"class_list":["post-944","post","type-post","status-publish","format-standard","has-post-thumbnail","hentry","category-california-generaciones-anteriores","category-patrocinio"],"acf":[],"_links":{"self":[{"href":"https:\/\/www.volkswagen-comerciales.es\/comunicacion\/wp-json\/wp\/v2\/posts\/944","targetHints":{"allow":["GET"]}}],"collection":[{"href":"https:\/\/www.volkswagen-comerciales.es\/comunicacion\/wp-json\/wp\/v2\/posts"}],"about":[{"href":"https:\/\/www.volkswagen-comerciales.es\/comunicacion\/wp-json\/wp\/v2\/types\/post"}],"author":[{"embeddable":true,"href":"https:\/\/www.volkswagen-comerciales.es\/comunicacion\/wp-json\/wp\/v2\/users\/1"}],"replies":[{"embeddable":true,"href":"https:\/\/www.volkswagen-comerciales.es\/comunicacion\/wp-json\/wp\/v2\/comments?post=944"}],"version-history":[{"count":1,"href":"https:\/\/www.volkswagen-comerciales.es\/comunicacion\/wp-json\/wp\/v2\/posts\/944\/revisions"}],"predecessor-version":[{"id":6591,"href":"https:\/\/www.volkswagen-comerciales.es\/comunicacion\/wp-json\/wp\/v2\/posts\/944\/revisions\/6591"}],"wp:featuredmedia":[{"embeddable":true,"href":"https:\/\/www.volkswagen-comerciales.es\/comunicacion\/wp-json\/wp\/v2\/media\/946"}],"wp:attachment":[{"href":"https:\/\/www.volkswagen-comerciales.es\/comunicacion\/wp-json\/wp\/v2\/media?parent=944"}],"wp:term":[{"taxonomy":"category","embeddable":true,"href":"https:\/\/www.volkswagen-comerciales.es\/comunicacion\/wp-json\/wp\/v2\/categories?post=944"},{"taxonomy":"post_tag","embeddable":true,"href":"https:\/\/www.volkswagen-comerciales.es\/comunicacion\/wp-json\/wp\/v2\/tags?post=944"}],"curies":[{"name":"wp","href":"https:\/\/api.w.org\/{rel}","templated":true}]}}